{"id":1022,"date":"2011-01-11T10:34:29","date_gmt":"2011-01-11T10:34:29","guid":{"rendered":"http:\/\/alegeliber.md\/?p=1022"},"modified":"2011-01-11T10:34:29","modified_gmt":"2011-01-11T10:34:29","slug":"a-p-e-l-privind-necesitatea-includerii-pe-agenda-de-lucru-a-sesiunii-extraordinare-a-parlamentului-a-subiectului-ce-tine-de-desemnarea-membrilor-comisiei-electorale-centrale-si-confirmarea-componentei","status":"publish","type":"post","link":"https:\/\/alegeliber.md\/en\/a-p-e-l-privind-necesitatea-includerii-pe-agenda-de-lucru-a-sesiunii-extraordinare-a-parlamentului-a-subiectului-ce-tine-de-desemnarea-membrilor-comisiei-electorale-centrale-si-confirmarea-componentei-1022.html","title":{"rendered":"A P E L privind necesitatea includerii pe agenda de lucru a sesiunii extraordinare a Parlamentului a subiectului ce \u0163ine de desemnarea membrilor Comisiei Electorale Centrale \u015fi confirmarea componen\u0163ei nominale a acesteia"},"content":{"rendered":"<p class=\"qtranxs-available-languages-message qtranxs-available-languages-message-en\">This content is available only in <a href=\"https:\/\/alegeliber.md\/ro\/wp-json\/wp\/v2\/posts\/1022\" class=\"qtranxs-available-language-link qtranxs-available-language-link-ro\" title=\"Rom\u00e2n\u0103\">Romanian<\/a>. For the sake of viewer convenience, the content is shown below in the alternative language. You may click the link to switch the active language.<\/p><p><a rel=\"attachment wp-att-572\" href=\"http:\/\/alegeliber.md\/?attachment_id=572\"><img loading=\"lazy\" class=\"alignleft size-medium wp-image-572\" title=\"promolex_logo\" src=\"https:\/\/alegeliber.md\/wp-content\/uploads\/2010\/09\/promolex_logo1-200x61.gif\" alt=\"\" width=\"200\" height=\"61\" srcset=\"https:\/\/alegeliber.md\/wp-content\/uploads\/2010\/09\/promolex_logo1-200x61.gif 200w, https:\/\/alegeliber.md\/wp-content\/uploads\/2010\/09\/promolex_logo1-100x30.gif 100w, https:\/\/alegeliber.md\/wp-content\/uploads\/2010\/09\/promolex_logo1.gif 201w\" sizes=\"(max-width: 200px) 100vw, 200px\" \/><\/a>Promo-LEX, asocia\u0163ie apolitic\u0103 \u015fi neguvernamental\u0103, care are misiunea  de a promova democra\u0163ia \u015fi drepturile omului, face apel c\u0103tre  Parlamentul Republicii Moldova \u015fi Pre\u015fedintele interimar al \u0163\u0103rii s\u0103  desemneze de urgen\u0163\u0103 membrii Comisiei Electorale Centrale \u015fi s\u0103 confirme  componen\u0163a nominal\u0103 a acesteia.<\/p>\n<p>Promo-LEX reaminte\u015fte organelor men\u0163ionate, precum \u015fi opiniei publice  despre faptul c\u0103 \u00een conformitate cu prevederile art.1 Cod Electoral,  Comisia Electoral\u0103 Central\u0103 este o comisie \u00eenfiin\u0163at\u0103 pentru realizarea  politicii electorale \u00een scopul bunei desf\u0103\u015fur\u0103ri a alegerilor, care  activeaz\u0103 continuu \u00een condi\u0163iile Codului Electoral. Totodat\u0103, prin  Hot\u0103r\u00eerea Parlamentului nr.290 din 11 noiembrie 2005, a fost confirmat\u0103  componen\u0163a nominal\u0103 a Comisiei Electorale Centrale (BU\u015eULEAC Mihai,  CIOCAN Iurie, GAFTON Vasile, G\u00ceRBU Nicolae, KOSTE\u0162KI Victor, LAPTI  Renata, \u015eTIRBU Eugeniu, MIDRIGAN Pavel, VIZANT Valentin). Pe aceast\u0103  cale \u0163inem s\u0103 mul\u0163umim membrilor actuali ai CEC pentru presta\u0163ia \u00een  func\u0163iile de\u0163inute.<\/p>\n<p>\u00cen conformitate cu prevederile alin.6 art.17 Cod Electoral, mandatul  Comisiei Electorale Centrale este de 5 ani. \u00cen cazul \u00een care mandatul  Comisiei Electorale Centrale expir\u0103 \u00een cursul perioadei electorale,  mandatul se prelunge\u015fte de drept p\u00een\u0103 la finele acestei perioade \u015fi  intrarea ulterioar\u0103 \u00een func\u0163ie a noilor membri, dar cu cel mult 90 de  zile. Dat fiind faptul c\u0103 mandatul Comisiei Electorale Centrale expira  \u00een timpul perioadei electorale, el a fost prelungit de drept \u00een  conformitate cu normele legale enun\u0163ate. La 24 decembrie 2010, Curtea  Constitu\u0163ional\u0103 a validat rezultatele alegerilor, astfel fiind finisat\u0103  \u015fi perioada electoral\u0103. De drept mandatul Comisiei Electorale Centrale a  expirat la 24 decembrie 2010, dar poate fi prelungit maxim p\u00een\u0103 la 11  februarie 2011.<\/p>\n<p><strong>\u0162in\u00eend cont de situa\u0163ia existent\u0103 la momentul de fa\u0163\u0103, precum \u015fi  pentru asigurarea activit\u0103\u0163ii continue a Comisiei Electorale Centrale,  Asocia\u0163ia Promo-LEX, face apel c\u0103tre Parlamentul Republicii Moldova,  Pre\u015fedintele interimar al \u0163\u0103rii \u015fi partidele politice reprezentate \u00een  Parlament:<\/strong><\/p>\n<ul>\n<li>S\u0103 includ\u0103 pe agenda de lucru a sesiunii extraordinare a  Parlamentului subiectul ce \u0163ine de desemnare a membrilor Comisiei  Electorale Centrale \u015fi confirmare a componen\u0163ei nominale a acesteia;<\/li>\n<li>S\u0103 desemneze \u00een calitate de membri a Comisiei Electorale  Centrale persoane cu experien\u0163\u0103 \u00een domeniul electoral \u015fi care au o  reputa\u0163ie irepro\u015fabil\u0103 \u015fi aptitudini pentru exercitarea activit\u0103\u0163ilor  electorale;<\/li>\n<li>S\u0103 \u0163in\u0103 cont la desemnarea \u015fi confirmarea componen\u0163ei nominale a  Comisiei Electorale Centrale de principiul continuit\u0103\u0163ii, analiz\u00eend  posibilitatea reconfirm\u0103rii membrilor actuali ai CEC, care \u015fi-au  exercitat con\u015ftiincios mandatul \u015fi nu au pierdut \u00eencrederea partidului  politic sau organului care i-a desemnat.<\/li>\n<\/ul>\n<p>Asocia\u0163ia Promo-LEX este o organiza\u0163ie non-guvernamental\u0103, apolitic\u0103 \u015fi  non-profit, axat\u0103 pe promovarea valorilor democratice \u015fi a standardelor  interna\u0163ional recunoscute \u00een domeniul drepturilor omului \u00een Republica  Moldova, inclusiv \u00een regiunea transnistrean\u0103. Echipa Promo-LEX este  format\u0103 din tineri activi\u015fti pentru drepturile omului care lupt\u0103 pentru o  schimbare \u00een cadrul societ\u0103\u0163ii moldovene\u015fti, pentru promovarea  democra\u0163iei \u015fi \u00eempotriva \u00eenc\u0103lc\u0103rilor drepturilor omului \u00een Republica  Moldova. Asocia\u0163ia Promo-LEX este membru al Coali\u021biei Civice pentru Alegeri Libere \u0219i Corecte.<\/p>\n<p>Pentru mai multe detalii, contacta\u0163i: Ion Manole, Pre\u015fedinte, Asocia\u0163ia  Promo-LEX: Tel: (22) 492684, GSM: 069070800, e-mail: info@promolex.md.<\/p>","protected":false},"excerpt":{"rendered":"<p>This content is available only in Romanian. For the sake of viewer convenience, the content is shown below in the alternative language. You may click the link to switch the active language.Promo-LEX, asocia\u0163ie apolitic\u0103 \u015fi neguvernamental\u0103, care are misiunea de a promova democra\u0163ia \u015fi drepturile omului, face apel c\u0103tre Parlamentul Republicii Moldova \u015fi Pre\u015fedintele interimar [&hellip;]<\/p>\n","protected":false},"author":2,"featured_media":0,"comment_status":"closed","ping_status":"closed","sticky":false,"template":"","format":"standard","meta":[],"categories":[4],"tags":[],"_links":{"self":[{"href":"https:\/\/alegeliber.md\/en\/wp-json\/wp\/v2\/posts\/1022"}],"collection":[{"href":"https:\/\/alegeliber.md\/en\/wp-json\/wp\/v2\/posts"}],"about":[{"href":"https:\/\/alegeliber.md\/en\/wp-json\/wp\/v2\/types\/post"}],"author":[{"embeddable":true,"href":"https:\/\/alegeliber.md\/en\/wp-json\/wp\/v2\/users\/2"}],"replies":[{"embeddable":true,"href":"https:\/\/alegeliber.md\/en\/wp-json\/wp\/v2\/comments?post=1022"}],"version-history":[{"count":0,"href":"https:\/\/alegeliber.md\/en\/wp-json\/wp\/v2\/posts\/1022\/revisions"}],"wp:attachment":[{"href":"https:\/\/alegeliber.md\/en\/wp-json\/wp\/v2\/media?parent=1022"}],"wp:term":[{"taxonomy":"category","embeddable":true,"href":"https:\/\/alegeliber.md\/en\/wp-json\/wp\/v2\/categories?post=1022"},{"taxonomy":"post_tag","embeddable":true,"href":"https:\/\/alegeliber.md\/en\/wp-json\/wp\/v2\/tags?post=1022"}],"curies":[{"name":"wp","href":"https:\/\/api.w.org\/{rel}","templated":true}]}}