{"id":30,"date":"2009-05-01T13:34:46","date_gmt":"2009-05-01T13:34:46","guid":{"rendered":""},"modified":"2010-08-19T13:03:23","modified_gmt":"2010-08-19T13:03:23","slug":"cec-permisiune-de-acces-la-listele-electorale","status":"publish","type":"post","link":"https:\/\/alegeliber.md\/en\/cec-permisiune-de-acces-la-listele-electorale-30.html","title":{"rendered":"CEC \u2013 Permisiune de acces la listele electorale"},"content":{"rendered":"<p><font color=\"#000000\"><font color=\"#0000ff\"><font color=\"#000000\"><strong>COMISIA ELECTORAL\u0102 CENTRAL\u0102 A PERMIS REPREZENTAN\u0162ILOR COALI\u0162IEI 2009 S\u0102 FAC\u0102 FOTOCOPII ALE LISTELOR ELECTORALE DIN MUNICIPIUL CHI\u015eIN\u0102U<\/strong><\/font><\/font><\/font><\/p>\n<p><font color=\"#000000\"><font color=\"#0000ff\"><font color=\"#000000\">\u00cen baza hot\u0103r\u00eerii Comisie Electorale Centrale nr. CEC-8\/617 din 11 aprilie 2009, o echip\u0103 compus\u0103 din 6 observatori acredita\u0163i ai Coali\u0163iei 2009 a \u00eenceput a face fotocopii de pe listele electorale de la sec\u0163iile de votare din municipiul Chi\u015fin\u0103u. La acest moment nu exist\u0103 informa\u0163ii referitor la num\u0103rul de dosare ce pot fi fotocopiate \/ scanate \u015fi nici referitor la c\u00eet timp va aloca CEC pentru aceast\u0103 procedur\u0103.<\/font><\/font><\/font><\/p>\n<p><strong><font color=\"#000000\"><font color=\"#0000ff\"><font color=\"#000000\">Descarc\u0103 \u00een PDF: <\/font><font color=\"#0000ff\"><strong><u><a href=\"files\/documente\/cec-permisiune-liste.pdf\" target=\"_blank\">Decizia Comisiei Electorale Centrale nr. CEC-8\/617<\/a><\/u><\/strong><\/font><\/font><\/font><\/strong><\/p>\n","protected":false},"excerpt":{"rendered":"<p>COMISIA ELECTORAL\u0102 CENTRAL\u0102 A PERMIS REPREZENTAN\u0162ILOR COALI\u0162IEI 2009 S\u0102 FAC\u0102 FOTOCOPII ALE LISTELOR ELECTORALE DIN MUNICIPIUL CHI\u015eIN\u0102U \u00cen baza hot\u0103r\u00eerii Comisie Electorale Centrale nr. CEC-8\/617 din 11 aprilie 2009, o echip\u0103 compus\u0103 din 6 observatori acredita\u0163i ai Coali\u0163iei 2009 a \u00eenceput a face fotocopii de pe listele electorale de la sec\u0163iile de votare din municipiul [&hellip;]<\/p>\n","protected":false},"author":2,"featured_media":0,"comment_status":"closed","ping_status":"closed","sticky":false,"template":"","format":"standard","meta":[],"categories":[47],"tags":[],"_links":{"self":[{"href":"https:\/\/alegeliber.md\/en\/wp-json\/wp\/v2\/posts\/30"}],"collection":[{"href":"https:\/\/alegeliber.md\/en\/wp-json\/wp\/v2\/posts"}],"about":[{"href":"https:\/\/alegeliber.md\/en\/wp-json\/wp\/v2\/types\/post"}],"author":[{"embeddable":true,"href":"https:\/\/alegeliber.md\/en\/wp-json\/wp\/v2\/users\/2"}],"replies":[{"embeddable":true,"href":"https:\/\/alegeliber.md\/en\/wp-json\/wp\/v2\/comments?post=30"}],"version-history":[{"count":0,"href":"https:\/\/alegeliber.md\/en\/wp-json\/wp\/v2\/posts\/30\/revisions"}],"wp:attachment":[{"href":"https:\/\/alegeliber.md\/en\/wp-json\/wp\/v2\/media?parent=30"}],"wp:term":[{"taxonomy":"category","embeddable":true,"href":"https:\/\/alegeliber.md\/en\/wp-json\/wp\/v2\/categories?post=30"},{"taxonomy":"post_tag","embeddable":true,"href":"https:\/\/alegeliber.md\/en\/wp-json\/wp\/v2\/tags?post=30"}],"curies":[{"name":"wp","href":"https:\/\/api.w.org\/{rel}","templated":true}]}}