{"id":3439,"date":"2021-05-31T14:02:25","date_gmt":"2021-05-31T11:02:25","guid":{"rendered":"https:\/\/alegeliber.md\/?p=3439"},"modified":"2021-05-31T14:03:07","modified_gmt":"2021-05-31T11:03:07","slug":"apel-public-organizatiile-membre-calc-consiliul-pentru-prevenirea-si-eliminarea-discriminarii-si-asigurarea-egalitatii-consiliul-de-presa-si-alte-organizatii-ale-societatii-civile-solicita-concure","status":"publish","type":"post","link":"https:\/\/alegeliber.md\/en\/apel-public-organizatiile-membre-calc-consiliul-pentru-prevenirea-si-eliminarea-discriminarii-si-asigurarea-egalitatii-consiliul-de-presa-si-alte-organizatii-ale-societatii-civile-solicita-concure-3439.html","title":{"rendered":"(Rom\u00e2n\u0103) APEL PUBLIC &#8211; Organiza\u021biile membre CALC, Consiliul pentru prevenirea \u0219i eliminarea discrimin\u0103rii \u0219i asigurarea egalit\u0103\u021bii, Consiliul de Pres\u0103 \u0219i alte organiza\u021bii ale societ\u0103\u021bii civile solicit\u0103 concuren\u021bilor electorali \u0219i sus\u021bin\u0103torilor acestora s\u0103 nu utilizeze discursul de ur\u0103"},"content":{"rendered":"<p class=\"qtranxs-available-languages-message qtranxs-available-languages-message-en\">This content is available only in <a href=\"https:\/\/alegeliber.md\/ro\/wp-json\/wp\/v2\/posts\/3439\" class=\"qtranxs-available-language-link qtranxs-available-language-link-ro\" title=\"Rom\u00e2n\u0103\">Romanian<\/a>. For the sake of viewer convenience, the content is shown below in the alternative language. You may click the link to switch the active language.<\/p><p>\u00cen contextul campaniei electorale pentru alegerile parlamentare anticipate din 11 iulie 2021, \u00a0organiza\u021biile societ\u0103\u021bii civile, Consiliul pentru prevenirea \u0219i eliminarea discrimin\u0103rii \u0219i asigurarea egalit\u0103\u021bii \u0219i Consiliul de Pres\u0103 atrag \u00een mod repetat aten\u021bia asupra faptului c\u0103 discursul de ur\u0103 \u0219i instigare la discriminare \u00een spa\u021biul public, \u00een mass-media \u0219i \u00een mediul online din Republica Moldova este tot mai des utilizat \u00een campaniile electorale \u0219i afecteaz\u0103 \u00eentreaga societate.<\/p>\n<p>\u00cen ultimii doi ani, num\u0103rul de cazuri de discurs de ur\u0103 s-a dublat (de la 2 la 4,9 cazuri pe zi), acest tip de discurs manifest\u00e2ndu-se preponderent \u00een context politic (52% din num\u0103rul total de cazuri). \u00cen acela\u0219i timp, monitorizarea discursului de ur\u0103 de c\u0103tre Asocia\u021bia Promo-LEX \u00een contextul <a href=\"https:\/\/promolex.md\/wp-content\/uploads\/2018\/11\/Raport_discurs-de-ura_web.pdf\">alegerilor locale noi din Chi\u0219in\u0103u<\/a> din 20 mai 2018, <a href=\"https:\/\/promolex.md\/wp-content\/uploads\/2019\/07\/A4_hate_ro_web.pdf\">alegerilor parlamentare din 24 februarie 2019<\/a>, <a href=\"https:\/\/promolex.md\/wp-content\/uploads\/2019\/12\/A4_hate_ro_II_web.pdf\">alegerilor locale generale din 20 octombrie 2019<\/a> \u0219i <a href=\"https:\/\/promolex.md\/wp-content\/uploads\/2021\/01\/Raport_Discursul_de_ura_in_campania-electorala_din_2020.pdf\">alegerilor preziden\u021biale din 2020<\/a> arat\u0103 c\u0103, candida\u021bii \u0219i simpatizan\u021bii acestora, dar \u0219i politicienii sunt at\u00e2t autori ai discursului de ur\u0103, c\u00e2t \u0219i victime.<\/p>\n<p>De asemenea, una dintre organiza\u021biile semnatare, Asocia\u021bia Promo-LEX, a atras aten\u021bia \u00een <a href=\"https:\/\/promolex.md\/wp-content\/uploads\/2021\/05\/Nota-Analitic%C4%83-cu-privire-la-prevederile-documentelor-de-reglementare-intern%C4%83-ale-partidelor-politice-din-Republica-Moldova-referitoare-la-interzicerea-discursului-de-ur%C4%83-%C8%99i-instig%C4%83rii-la-discriminare..pdf\">Nota analitic\u0103<\/a> cu privire la prevederile documentelor de reglementare intern\u0103 ale partidelor politice din Republica Moldova c\u0103, de\u0219i unele partide interzic utilizarea unor forme de exprimare apropiate discursului de ur\u0103 \u00een statutele lor, totu\u0219i \u00een ultimii doi ani, membrii ai acestor partide au utilizat discursul de ur\u0103 \u0219i instigare la discriminare.<\/p>\n<p>Pe de o parte, discursul de ur\u0103 \u00eempotriva candida\u021bilor, politicienilor, membrilor de partid \u0219i simpatizan\u021bii acestora este utilizat \u0219i r\u0103sp\u00e2ndit de c\u0103tre al\u021bi politicieni, iar pe de alt\u0103 parte, prin statutul lor, politicienii care utilizeaz\u0103 discursul de ur\u0103 determin\u0103 \u00eenr\u0103d\u0103cinarea prejudec\u0103\u021bilor, dezvoltarea unor atitudini negative \u00een societate \u0219i chiar apari\u021bia unor forme de violen\u021b\u0103 fa\u021b\u0103 de alte grupuri sociale.<\/p>\n<p>\u00cen aceste circumstan\u021be, organiza\u021biile semnatare, Consiliul pentru prevenirea \u0219i eliminarea discrimin\u0103rii \u0219i asigurarea egalit\u0103\u021bii \u0219i Consiliul de Pres\u0103 salut\u0103 includerea, pe data de 12 mai 2021, a prevederilor ce interzic difuzarea spoturilor electorale \u0219i a reportajelor susceptibile de a propaga, incita, promova sau justifica ura rasial\u0103, xenofobia, antisemitismul sau alte forme de ur\u0103 fondate pe intoleran\u021b\u0103 sau pe discriminare, pe criterii de sex, de ras\u0103, de na\u021bionalitate, de religie, de dizabilitate sau de orientare sexual\u0103 \u00een <a href=\"https:\/\/a.cec.md\/storage\/ckfinder\/files\/Regulamentureflecare%20mass%20media%20parlamentare%20anticipate.pdf?fbclid=IwAR2V0hqBpKcS9CG9SVZNsP6NU7rFQeUh3XFHipTyvFl5IB5sfT6-mUm8-jA\">Regulamentul privind reflectarea campaniei electorale la alegerile parlamentare anticipate din 11 iulie 2021<\/a> de c\u0103tre Comisia Electoral\u0103 Central\u0103.<\/p>\n<p>Astfel, \u00een contextul campaniei electorale pentru alegerile parlamentare anticipate din 11 iulie 2021, precum \u0219i a <a href=\"https:\/\/constcourt.md\/ccdocview.php?tip=hotariri&amp;docid=751&amp;l=ro\">Adresei Cur\u021bii Constitu\u021bionale din 10 decembrie 2020<\/a>, semnatarii apelului \u00eendeamn\u0103<strong> partidele politice,<\/strong> <strong>c<\/strong><strong>andida\u021bii \u0219i simpatizan\u021bii acestora, precum \u0219i politicienii:<\/strong><\/p>\n<ol>\n<li>S\u0103 respecte demnitatea tuturor persoanelor indiferent de ras\u0103, culoare, na\u021bionalitate, origine etnic\u0103, religie sau convingeri, gen, v\u00e2rst\u0103, dizabilitate, orientare sexual\u0103, identitate de gen, limb\u0103 vorbit\u0103, apartenen\u021b\u0103 politic\u0103 sau orice alt criteriu protejat.<\/li>\n<li>S\u0103 utilizeze un limbaj respectuos \u00een raport cu contracandida\u021bii \u0219i oponen\u021bii lor politici.<\/li>\n<li>S\u0103 promoveze discursul public echilibrat \u00een activitatea politic\u0103 \u0219i, \u00een special, \u00een campania electoral\u0103.<\/li>\n<li>S\u0103 se disocieze de mesajele intolerante generate de c\u0103tre membrii de partid.<\/li>\n<li>S\u0103 reac\u021bioneze ferm la mesajele de ur\u0103 \u0219i instigare la discriminare ap\u0103rute \u00een spa\u021biul public, \u00een mass-media \u0219i \u00een mediul online.<\/li>\n<li>S\u0103 nu admit\u0103 utilizarea discursului de ur\u0103 \u0219i instigare la discriminare \u00eempotriva diferitelor grupuri sociale.<\/li>\n<li>S\u0103 nu foloseasc\u0103 \u00een materialele campaniei electorale imagini sexiste, instigatoare la ur\u0103 \u0219i discriminare.<\/li>\n<li>S\u0103 nu exprime, sus\u021bin\u0103 sau promoveze idei sau teorii privind superioritatea unui grup de persoane pe baza rasei, originii etnice, religiei, genului, v\u00e2rstei, orient\u0103rii sexuale, identit\u0103\u021bii de gen, dizabilit\u0103\u021bii, altor caracteristici personale protejate sau o asociere a acestora.<\/li>\n<\/ol>\n<p>Alte informa\u021bii, lista organiza\u021biilor \u0219i autorit\u0103\u021bilor semnatare poate fi accesat\u0103 aici: <a href=\"https:\/\/alegeliber.md\/wp-content\/uploads\/2021\/05\/Apel_public_nepromovarea_DU_in_campania_electorala.pdf\">Apel_public_nepromovarea_DU_in_campania_electorala<\/a><\/p>\n<p><strong>\u00a0<\/strong><\/p>","protected":false},"excerpt":{"rendered":"<p>This content is available only in Romanian. For the sake of viewer convenience, the content is shown below in the alternative language. You may click the link to switch the active language.\u00cen contextul campaniei electorale pentru alegerile parlamentare anticipate din 11 iulie 2021, \u00a0organiza\u021biile societ\u0103\u021bii civile, Consiliul pentru prevenirea \u0219i eliminarea discrimin\u0103rii \u0219i asigurarea egalit\u0103\u021bii [&hellip;]<\/p>\n","protected":false},"author":10,"featured_media":0,"comment_status":"closed","ping_status":"closed","sticky":false,"template":"","format":"standard","meta":[],"categories":[75,5,4,1,30],"tags":[],"_links":{"self":[{"href":"https:\/\/alegeliber.md\/en\/wp-json\/wp\/v2\/posts\/3439"}],"collection":[{"href":"https:\/\/alegeliber.md\/en\/wp-json\/wp\/v2\/posts"}],"about":[{"href":"https:\/\/alegeliber.md\/en\/wp-json\/wp\/v2\/types\/post"}],"author":[{"embeddable":true,"href":"https:\/\/alegeliber.md\/en\/wp-json\/wp\/v2\/users\/10"}],"replies":[{"embeddable":true,"href":"https:\/\/alegeliber.md\/en\/wp-json\/wp\/v2\/comments?post=3439"}],"version-history":[{"count":2,"href":"https:\/\/alegeliber.md\/en\/wp-json\/wp\/v2\/posts\/3439\/revisions"}],"predecessor-version":[{"id":3442,"href":"https:\/\/alegeliber.md\/en\/wp-json\/wp\/v2\/posts\/3439\/revisions\/3442"}],"wp:attachment":[{"href":"https:\/\/alegeliber.md\/en\/wp-json\/wp\/v2\/media?parent=3439"}],"wp:term":[{"taxonomy":"category","embeddable":true,"href":"https:\/\/alegeliber.md\/en\/wp-json\/wp\/v2\/categories?post=3439"},{"taxonomy":"post_tag","embeddable":true,"href":"https:\/\/alegeliber.md\/en\/wp-json\/wp\/v2\/tags?post=3439"}],"curies":[{"name":"wp","href":"https:\/\/api.w.org\/{rel}","templated":true}]}}