{"id":3836,"date":"2022-12-13T12:24:53","date_gmt":"2022-12-13T10:24:53","guid":{"rendered":"https:\/\/alegeliber.md\/?p=3836"},"modified":"2022-12-13T12:24:53","modified_gmt":"2022-12-13T10:24:53","slug":"seminar-de-consolidare-a-capacitatii-organizatiile-membre-calc-prin-instruire-si-discutie","status":"publish","type":"post","link":"https:\/\/alegeliber.md\/en\/seminar-de-consolidare-a-capacitatii-organizatiile-membre-calc-prin-instruire-si-discutie-3836.html","title":{"rendered":"(Rom\u00e2n\u0103) Seminar de consolidare a capacit\u0103\u021bii organiza\u021biile membre CALC prin instruire \u0219i discu\u021bie"},"content":{"rendered":"<p class=\"qtranxs-available-languages-message qtranxs-available-languages-message-en\">This content is available only in <a href=\"https:\/\/alegeliber.md\/ro\/wp-json\/wp\/v2\/posts\/3836\" class=\"qtranxs-available-language-link qtranxs-available-language-link-ro\" title=\"Rom\u00e2n\u0103\">Romanian<\/a>. For the sake of viewer convenience, the content is shown below in the alternative language. You may click the link to switch the active language.<\/p><p><span data-contrast=\"auto\">La data de 08 decembrie curent, secretariatul <\/span><span data-contrast=\"auto\">Coali\u021biei Civice pentru Alegeri Libere \u0219i Corecte (CALC) a organizat \u0219i desf\u0103\u0219urat un seminar de instruire pentru organiza\u021biilor membre CALC focusat pe diverse subiecte de interes \u00een domeniul alegerilor \u0219i proceselor electorale democratice.<\/span><span data-ccp-props=\"{&quot;201341983&quot;:0,&quot;335551550&quot;:6,&quot;335551620&quot;:6,&quot;335559685&quot;:2,&quot;335559739&quot;:0,&quot;335559740&quot;:240,&quot;335559795&quot;:0,&quot;335559991&quot;:2}\">\u00a0<\/span><\/p>\n<p><span data-contrast=\"auto\">La seminarul de instruire, participan\u021bii\/ele au f\u0103cut cuno\u0219tin\u021b\u0103 cu subiectul listelor electorale, \u00ee<\/span><span data-contrast=\"auto\">nregistrarea aleg\u0103torilor, participarea la alegeri, inclusiv experien\u021ba altor state pe acest segment. Un alt subiect discutat s-a referit la adoptarea noului Cod electoral al Republicii Moldova<\/span><span data-contrast=\"auto\">, ce ajusteaz\u0103 documentul, ambiguit\u0103\u021bile \u00eenl\u0103turate \u0219i recomand\u0103rile formulate de societatea civil\u0103\/observatori \u00een vederea <\/span><span data-contrast=\"auto\">\u00eembun\u0103t\u0103\u021birii<\/span><span data-contrast=\"auto\"> procedurilor electorale. \u00cen cadrul discu\u021biei s-au subliniat \u0219i anumite provoc\u0103ri ale reformei legisla\u021biei electorale.<\/span><span data-ccp-props=\"{&quot;134233117&quot;:false,&quot;134233118&quot;:false,&quot;201341983&quot;:0,&quot;335551550&quot;:6,&quot;335551620&quot;:6,&quot;335559685&quot;:0,&quot;335559731&quot;:0,&quot;335559738&quot;:225,&quot;335559739&quot;:225,&quot;335559740&quot;:240,&quot;335559991&quot;:1}\">\u00a0<\/span><\/p>\n<p><img loading=\"lazy\" class=\"alignnone size-medium wp-image-3837\" src=\"https:\/\/alegeliber.md\/wp-content\/uploads\/2022\/12\/1-200x133.jpg\" alt=\"\" width=\"200\" height=\"133\" srcset=\"https:\/\/alegeliber.md\/wp-content\/uploads\/2022\/12\/1-200x133.jpg 200w, https:\/\/alegeliber.md\/wp-content\/uploads\/2022\/12\/1-1024x683.jpg 1024w, https:\/\/alegeliber.md\/wp-content\/uploads\/2022\/12\/1-100x67.jpg 100w, https:\/\/alegeliber.md\/wp-content\/uploads\/2022\/12\/1-768x512.jpg 768w, https:\/\/alegeliber.md\/wp-content\/uploads\/2022\/12\/1-1536x1024.jpg 1536w, https:\/\/alegeliber.md\/wp-content\/uploads\/2022\/12\/1.jpg 2048w\" sizes=\"(max-width: 200px) 100vw, 200px\" \/><\/p>\n<p><span data-contrast=\"auto\">La sesiunea dezinformarea \u00een alegeri \u0219i combaterea dezinform\u0103rii, participan\u021bii au aflat despre \u201c\u0219tirile\u201d false \u0219i cum acestea distorsioneaz\u0103 realitatea, tipuri de informa\u021bii false utilizate de concuren\u021bii electorali \u00een campania electoral\u0103, reflectarea campaniilor electorale \u0219i cine se face responsabil de dezordinea informa\u021bional\u0103 \u00een perioada electoral\u0103.\u00a0<\/span><span data-ccp-props=\"{&quot;201341983&quot;:0,&quot;335551550&quot;:6,&quot;335551620&quot;:6,&quot;335559685&quot;:0,&quot;335559731&quot;:0,&quot;335559739&quot;:0,&quot;335559740&quot;:240,&quot;335559795&quot;:0,&quot;335559797&quot;:0,&quot;335559991&quot;:1}\">\u00a0<\/span><\/p>\n<p><span data-contrast=\"auto\">Un interes v\u0103dit a fost manifestat fa\u021b\u0103 de subiectul digitaliz\u0103rii proceselor electorale, elaborarea \u0219i pilotarea Sistemului Informa\u021bional de Vot prin Internet ca metod\u0103 alternativ\u0103 de vot, etapele, actorii cheie, punerea \u00een aplicare, asigurarea accesului u\u0219or al cet\u0103\u021benilor la mijloace de autentificare electronic\u0103 \u0219i capacitatea de asigurare a securit\u0103\u021bii cibernetice \u00een Republica Moldova.\u00a0<\/span><span data-ccp-props=\"{&quot;201341983&quot;:0,&quot;335551550&quot;:6,&quot;335551620&quot;:6,&quot;335559685&quot;:0,&quot;335559731&quot;:0,&quot;335559739&quot;:0,&quot;335559740&quot;:240,&quot;335559795&quot;:0,&quot;335559797&quot;:0,&quot;335559991&quot;:1}\">\u00a0<\/span><\/p>\n<p><span data-ccp-props=\"{&quot;201341983&quot;:0,&quot;335551550&quot;:6,&quot;335551620&quot;:6,&quot;335559685&quot;:0,&quot;335559731&quot;:0,&quot;335559739&quot;:0,&quot;335559740&quot;:240,&quot;335559795&quot;:0,&quot;335559797&quot;:0,&quot;335559991&quot;:1}\"> <img loading=\"lazy\" class=\"alignnone size-medium wp-image-3838\" src=\"https:\/\/alegeliber.md\/wp-content\/uploads\/2022\/12\/2-200x113.jpg\" alt=\"\" width=\"200\" height=\"113\" srcset=\"https:\/\/alegeliber.md\/wp-content\/uploads\/2022\/12\/2-200x113.jpg 200w, https:\/\/alegeliber.md\/wp-content\/uploads\/2022\/12\/2-1024x576.jpg 1024w, https:\/\/alegeliber.md\/wp-content\/uploads\/2022\/12\/2-100x56.jpg 100w, https:\/\/alegeliber.md\/wp-content\/uploads\/2022\/12\/2-768x432.jpg 768w, https:\/\/alegeliber.md\/wp-content\/uploads\/2022\/12\/2-1536x864.jpg 1536w, https:\/\/alegeliber.md\/wp-content\/uploads\/2022\/12\/2.jpg 2048w\" sizes=\"(max-width: 200px) 100vw, 200px\" \/><\/span><\/p>\n<p><span data-contrast=\"auto\">Pe parcursul sesiunii <\/span><span data-contrast=\"auto\">dedicate comunic\u0103rii pe re\u021belele de socializare, membrii CALC au aflat cum poate fotografia deveni un instrument de comunicare at\u00e2t \u00een activitatea curent\u0103, c\u00e2t \u0219i \u00een perioada electoral\u0103.<\/span><span data-ccp-props=\"{&quot;201341983&quot;:0,&quot;335551550&quot;:6,&quot;335551620&quot;:6,&quot;335559685&quot;:0,&quot;335559731&quot;:0,&quot;335559739&quot;:0,&quot;335559740&quot;:240,&quot;335559795&quot;:0,&quot;335559797&quot;:0,&quot;335559991&quot;:1}\">\u00a0<\/span><\/p>\n<p><span data-ccp-props=\"{&quot;201341983&quot;:0,&quot;335551550&quot;:6,&quot;335551620&quot;:6,&quot;335559685&quot;:0,&quot;335559739&quot;:160,&quot;335559740&quot;:256,&quot;335559991&quot;:2}\"> <img loading=\"lazy\" class=\"alignnone size-medium wp-image-3839\" src=\"https:\/\/alegeliber.md\/wp-content\/uploads\/2022\/12\/3-200x133.jpg\" alt=\"\" width=\"200\" height=\"133\" srcset=\"https:\/\/alegeliber.md\/wp-content\/uploads\/2022\/12\/3-200x133.jpg 200w, https:\/\/alegeliber.md\/wp-content\/uploads\/2022\/12\/3-1024x683.jpg 1024w, https:\/\/alegeliber.md\/wp-content\/uploads\/2022\/12\/3-100x67.jpg 100w, https:\/\/alegeliber.md\/wp-content\/uploads\/2022\/12\/3-768x512.jpg 768w, https:\/\/alegeliber.md\/wp-content\/uploads\/2022\/12\/3-1536x1024.jpg 1536w, https:\/\/alegeliber.md\/wp-content\/uploads\/2022\/12\/3.jpg 2048w\" sizes=\"(max-width: 200px) 100vw, 200px\" \/><\/span><\/p>\n<p><span data-contrast=\"auto\">\u00cen cadrul seminarului de instruire, <\/span><span data-contrast=\"auto\">participan\u021bii au ob\u021binut cuno\u0219tin\u021bele noi \u0219i s-au pus bazele unei\u202f<\/span><span data-contrast=\"auto\">pun\u021bi de dialog<\/span><span data-contrast=\"auto\">\u202f\u00eentre organiza\u021biile membre ale Consiliului CALC \u0219i membrii aderen\u021bi ai Coali\u021biei. Scopul seminarului a vizat fortificarea cuno\u0219tin\u021belor\u202fparticipan\u021bilor pe subiecte de interes actual \u00een domeniul alegerilor, consolidarea comunic\u0103rii \u0219i <\/span><span data-contrast=\"auto\">stabilirea unui dialog<\/span><span data-contrast=\"auto\">\u202fdeschis \u00een cadrul CALC.\u00a0<\/span><span data-ccp-props=\"{&quot;201341983&quot;:0,&quot;335551550&quot;:6,&quot;335551620&quot;:6,&quot;335559685&quot;:0,&quot;335559739&quot;:160,&quot;335559740&quot;:256,&quot;335559991&quot;:2}\">\u00a0<\/span><\/p>\n<p><b><span data-contrast=\"auto\">Coali\u021bia\u202fCivic\u0103\u202fpentru\u202fAlegeri\u202fLibere\u202f\u0219i\u202fCorecte<\/span><\/b><span data-contrast=\"auto\">\u202feste\u202fo\u202fentitate\u202fpermanent\u0103,\u202fbenevol\u0103, constituit\u0103\u202fdin 36\u202forganiza\u021bii\u202fob\u0219te\u0219ti\u202fdin Republica Moldova cu\u202fscopul\u202fde a\u202fcontribui\u202fla\u202fdezvoltarea\u202fdemocra\u021biei, prin promovarea alegerilor libere \u0219i corecte \u00een conformitate cu standardele ODIHR<\/span><span data-contrast=\"auto\">\u00a0(OSCE), ale\u202fConsiliului\u202fEuropei\u202f\u0219i\u202fa\u202finstitu\u021biilor\u202fspecializate\u202fafiliate\u202facestuia.<\/span><span data-ccp-props=\"{&quot;134233117&quot;:false,&quot;134233118&quot;:false,&quot;201341983&quot;:0,&quot;335551550&quot;:6,&quot;335551620&quot;:6,&quot;335559685&quot;:0,&quot;335559731&quot;:0,&quot;335559738&quot;:0,&quot;335559739&quot;:0,&quot;335559740&quot;:240,&quot;335559991&quot;:2}\">\u00a0<\/span><\/p>","protected":false},"excerpt":{"rendered":"<p>This content is available only in Romanian. For the sake of viewer convenience, the content is shown below in the alternative language. You may click the link to switch the active language.La data de 08 decembrie curent, secretariatul Coali\u021biei Civice pentru Alegeri Libere \u0219i Corecte (CALC) a organizat \u0219i desf\u0103\u0219urat un seminar de instruire pentru [&hellip;]<\/p>\n","protected":false},"author":10,"featured_media":0,"comment_status":"closed","ping_status":"closed","sticky":false,"template":"","format":"standard","meta":[],"categories":[70,31,71,34,26,1],"tags":[],"_links":{"self":[{"href":"https:\/\/alegeliber.md\/en\/wp-json\/wp\/v2\/posts\/3836"}],"collection":[{"href":"https:\/\/alegeliber.md\/en\/wp-json\/wp\/v2\/posts"}],"about":[{"href":"https:\/\/alegeliber.md\/en\/wp-json\/wp\/v2\/types\/post"}],"author":[{"embeddable":true,"href":"https:\/\/alegeliber.md\/en\/wp-json\/wp\/v2\/users\/10"}],"replies":[{"embeddable":true,"href":"https:\/\/alegeliber.md\/en\/wp-json\/wp\/v2\/comments?post=3836"}],"version-history":[{"count":1,"href":"https:\/\/alegeliber.md\/en\/wp-json\/wp\/v2\/posts\/3836\/revisions"}],"predecessor-version":[{"id":3840,"href":"https:\/\/alegeliber.md\/en\/wp-json\/wp\/v2\/posts\/3836\/revisions\/3840"}],"wp:attachment":[{"href":"https:\/\/alegeliber.md\/en\/wp-json\/wp\/v2\/media?parent=3836"}],"wp:term":[{"taxonomy":"category","embeddable":true,"href":"https:\/\/alegeliber.md\/en\/wp-json\/wp\/v2\/categories?post=3836"},{"taxonomy":"post_tag","embeddable":true,"href":"https:\/\/alegeliber.md\/en\/wp-json\/wp\/v2\/tags?post=3836"}],"curies":[{"name":"wp","href":"https:\/\/api.w.org\/{rel}","templated":true}]}}