{"id":39,"date":"2009-05-09T12:41:40","date_gmt":"2009-05-09T12:41:40","guid":{"rendered":""},"modified":"2011-06-02T17:21:44","modified_gmt":"2011-06-02T17:21:44","slug":"declaratieongmassmedia","status":"publish","type":"post","link":"https:\/\/alegeliber.md\/en\/declaratieongmassmedia-39.html","title":{"rendered":"Declara\u0163ie privind unele consecin\u0163e ale instaur\u0103rii climatului de fric\u0103 in RM"},"content":{"rendered":"<p><\/p>\n<h1><font color=\"#000000\">Declara\u0163ie privind unele consecin\u0163e ale instaur\u0103rii climatului de fric\u0103 in RM<\/font><\/h1>\n<div class=\"ex\"><font color=\"#000000\"><strong>Tendin\u0163a de instaurare a unui climat de ne\u00eencredere, nesiguran\u0163\u0103 \u015fi fric\u0103 \u00een societatea moldoveneasc\u0103 devine tot mai evident\u0103, \u00een special dup\u0103 evenimentele din 7 aprilie 2009, se spune \u00eentr-o declara\u0163ie a unui grup de ONG-uri din domeniul mass-media. (<a href=\"http:\/\/www.azi.md\/ro\/story\/2876\" target=\"_blank\">azi.md<\/a>)<\/strong><\/font><\/div>\n<div class=\"ex\"><\/div>\n<div class=\"ex\">\n<p><font color=\"#000000\"> &#8220;Astfel, dup\u0103 \u015firul de presiuni \u015fi h\u0103r\u0163uirea mai multor mijloace de informare \u00een mas\u0103 \u015fi organiza\u0163ii neguvernamentale de c\u0103tre autorit\u0103\u0163i, unii agen\u0163i economici au devenit deosebit de vigilen\u0163i, prefer\u00e2nd s\u0103 piard\u0103 poten\u0163iale venituri, dec\u00e2t s\u0103 colaboreze cu  anumite organiza\u0163ii neguvernamentale. Drept exemplu \u00een acest sens poate servi refuzul unor agen\u0163ii de publicitate din Chi\u015fin\u0103u de a presta servicii Centrului Independent de Jurnalism \u00een cadrul unei campanii de informare a publicului. \u00cen contextul Zilei Mondiale a Libert\u0103\u0163ii Presei, Centrul Independent de Jurnalism inten\u0163ioneaz\u0103 s\u0103 mediatizeze pe larg mai multe prevederi din Constitu\u0163ia RM, Legea Presei, dar \u015fi din Conven\u0163ia European\u0103 pentru Drepturile Omului, cu privire la drepturile \u015fi libert\u0103\u0163ile fundamentale ale omului. De\u015fi articolele vizate se refer\u0103 la libertatea presei \u015fi neadmiterea cenzurii \u00een mass-media (art. 1, Legea Presei), la dreptul persoanei la informa\u0163ie \u015fi obliga\u0163ia mass-media de a informa corect opinia publica (Art. 34, Constitu\u0163ia RM), la garantarea libert\u0103\u0163ii de opinie \u015fi libert\u0103\u0163ii de exprimare (Art. 32, Constitu\u0163ia RM, Art. 10, Conven\u0163ia European\u0103 pentru Drepturile Omului) \u015fi nu au vreo conota\u0163ie politic\u0103, dou\u0103 agen\u0163ii de publicitate din Chi\u015fin\u0103u, care de\u0163in o re\u0163ea de panouri publicitare pe bd. \u015etefan cel Mare \u015fi Sf\u00e2nt, au refuzat s\u0103 arendeze CIJ panourile solicitate, invoc\u00e2nd diverse motive, \u00eentre care \u015fi cel privind mesajul politic pe care, \u00een opinia lor, l-ar transmite pasajele respective.<\/font><\/p>\n<p><font color=\"#000000\">Ne exprim\u0103m nedumerirea fa\u0163\u0103 de interpretarea eronat\u0103 a acestor prevederi din legisla\u0163ia na\u0163ional\u0103 \u015fi interna\u0163ional\u0103 \u015fi calific\u0103m situa\u0163ia dat\u0103 drept o consecin\u0163\u0103 direct\u0103 a presiunilor \u015fi ac\u0163iunilor antidemocratice \u00eentreprinse de autorit\u0103\u0163ile din RM \u00een perioada postelectoral\u0103, ac\u0163iuni care au dus la \u00eenr\u0103d\u0103cinarea sentimentului de tensiune, fric\u0103 \u015fi autocenzur\u0103 \u00een r\u00e2ndul agen\u0163ilor economici, dar \u015fi \u00een societate \u00een general.<\/font><\/p>\n<p><font color=\"#000000\">Chem\u0103m autorit\u0103\u0163ile publice s\u0103 nu perpetueze, prin ac\u0163iunile lor, climatul dominat de team\u0103, anxietate \u015fi conflict, ci s\u0103 demonstreze c\u0103 sunt deschise procesului de democratizare \u015fi promov\u0103rii drepturilor omului.&#8221;<\/font><\/p>\n<p><font color=\"#000000\">Semneaza:<\/font><\/p>\n<p><font color=\"#000000\">Centrul Independent de Jurnalism<\/font><\/p>\n<p><font color=\"#000000\">Asocia\u0163ia Presei Independente<\/font><\/p>\n<p><font color=\"#000000\">Asocia\u0163ia Presei Electronice APEL<\/font><\/p>\n<p><font color=\"#000000\">Centrul Acces-Info<\/font><\/p>\n<p><font color=\"#000000\">Comitetul pentru Libertatea Presei<\/font><\/p>\n<p><font color=\"#000000\">Uniunea Jurnali\u015ftilor din Moldova<\/font><\/p>\n<\/div>\n<p><\/p>","protected":false},"excerpt":{"rendered":"<p>Declara\u0163ie privind unele consecin\u0163e ale instaur\u0103rii climatului de fric\u0103 in RM Tendin\u0163a de instaurare a unui climat de ne\u00eencredere, nesiguran\u0163\u0103 \u015fi fric\u0103 \u00een societatea moldoveneasc\u0103 devine tot mai evident\u0103, \u00een special dup\u0103 evenimentele din 7 aprilie 2009, se spune \u00eentr-o declara\u0163ie a unui grup de ONG-uri din domeniul mass-media. (azi.md) &#8220;Astfel, dup\u0103 \u015firul de presiuni [&hellip;]<\/p>\n","protected":false},"author":2,"featured_media":0,"comment_status":"closed","ping_status":"closed","sticky":false,"template":"","format":"standard","meta":[],"categories":[44],"tags":[],"_links":{"self":[{"href":"https:\/\/alegeliber.md\/en\/wp-json\/wp\/v2\/posts\/39"}],"collection":[{"href":"https:\/\/alegeliber.md\/en\/wp-json\/wp\/v2\/posts"}],"about":[{"href":"https:\/\/alegeliber.md\/en\/wp-json\/wp\/v2\/types\/post"}],"author":[{"embeddable":true,"href":"https:\/\/alegeliber.md\/en\/wp-json\/wp\/v2\/users\/2"}],"replies":[{"embeddable":true,"href":"https:\/\/alegeliber.md\/en\/wp-json\/wp\/v2\/comments?post=39"}],"version-history":[{"count":0,"href":"https:\/\/alegeliber.md\/en\/wp-json\/wp\/v2\/posts\/39\/revisions"}],"wp:attachment":[{"href":"https:\/\/alegeliber.md\/en\/wp-json\/wp\/v2\/media?parent=39"}],"wp:term":[{"taxonomy":"category","embeddable":true,"href":"https:\/\/alegeliber.md\/en\/wp-json\/wp\/v2\/categories?post=39"},{"taxonomy":"post_tag","embeddable":true,"href":"https:\/\/alegeliber.md\/en\/wp-json\/wp\/v2\/tags?post=39"}],"curies":[{"name":"wp","href":"https:\/\/api.w.org\/{rel}","templated":true}]}}