{"id":42,"date":"2009-06-05T15:47:42","date_gmt":"2009-06-05T15:47:42","guid":{"rendered":""},"modified":"2010-08-19T12:55:39","modified_gmt":"2010-08-19T12:55:39","slug":"declaratieprotv","status":"publish","type":"post","link":"https:\/\/alegeliber.md\/en\/declaratieprotv-42.html","title":{"rendered":"DECLARA\u0162IE privind situa\u0163ia postului de televiziune Pro TV Chi\u015fin\u0103u"},"content":{"rendered":"<h1><font color=\"#000000\">Cere s\u0103 \u0163i se respecte  dreptul la informare echidistant\u0103 \u015fi pluralist\u0103:  <\/font><\/h1>\n<h1><font color=\"#000000\">DECLARA\u0162IE privind situa\u0163ia postului de televiziune Pro TV Chi\u015fin\u0103u<\/font><\/h1>\n<p><font color=\"#000000\"><strong>05 iunie 2009, Chi\u015fin\u0103u.<\/strong> Coali\u0163ia Civic\u0103 pentru Alegeri Libere \u0219i Corecte \u2013 Coali\u021bia 2009  \u00ee\u0219i exprim\u0103  \u00eengrijorarea fa\u021b\u0103 de situa\u0163ia creat\u0103 \u00een jurul postului de televiziune Pro TV Chi\u015fin\u0103u prin scoaterea la concurs a frecven\u021belor acestuia de c\u0103tre Consiliul Coordonator al Audiovisualului (CCA) \u0219i solicit\u0103 acestei institu\u021bii s\u0103 nu admit\u0103 derog\u0103ri de la legisla\u021bia \u00een vigoare, s\u0103 nu se lanseze \u00een interpretarea acesteia \u0219i s\u0103 se ab\u021bin\u0103 de la luarea vre-unei decizii \u00een cazul Pro TV Chi\u0219in\u0103u p\u00e2n\u0103 c\u00e2nd Curtea Suprem\u0103 de Justi\u021bie se va expune pe marginea situa\u021biei create. <\/font><\/p>\n<p><font color=\"#000000\">Coali\u0163ia Civic\u0103 pentru Alegeri Libere \u0219i Corecte \u2013 Coali\u021bia 2009  aminte\u0219te CCA c\u0103 postul Pro TV Chi\u0219in\u0103u este dintre pu\u021binele surse media care au reflectat echidistant \u0219i pluralist situa\u021bia social-politic\u0103 din \u021bar\u0103 pe parcursul campaniei electorale recent \u00eencheiate c\u00e2t \u0219i pe parcursul evenimentelor postelectorale din Republica Moldova. \u00cen aceast\u0103 ordine de idei, aten\u021bion\u0103m CCA asupra faptului c\u0103 deciziile sale \u00een cazul Pro TV Chi\u0219in\u0103u au trezit deja reac\u0163ii negative \u00een societate \u015fi proteste din partea cet\u0103\u0163enilor, organiza\u0163iilor mass-media \u015fi a mai multor partide politice. <\/font><\/p>\n<p><font color=\"#000000\">Coali\u0163ia Civic\u0103 pentru Alegeri Libere \u015fi Corecte \u2013 Coali\u0163ia 2009 solicit\u0103 autorit\u0103\u0163ilor s\u0103 asigure dreptul la libertatea de exprimare, implicit libertatea de opinie \u015fi libertatea de a primi sau de a comunica informa\u0163ii\/idei f\u0103r\u0103 amestecul autorit\u0103\u0163ilor publice. Coali\u0163ia 2009 reaminte\u015fte autorit\u0103\u0163ilor c\u0103 aceste drepturi sunt consfin\u021bite de c\u0103tre Constitu\u0163ia Republicii Moldova, Conven\u0163ia European\u0103 pentru ap\u0103rarea Drepturilor Omului \u015fi a Libert\u0103\u0163ilor Fundamentale, Documentul de la Copenhaga (1990) precum \u015fi alte tratate interna\u0163ionale la care Moldova este parte \u0219i reprezint\u0103 o pre-condi\u0163ie esen\u0163ial\u0103 \u00eentru asigurarea unui proces electoral liber \u015fi corect.  Totodat\u0103, Coali\u021bia 2009 atrage aten\u021bia autorit\u0103\u021bilor asupra faptului c\u0103 Rezolu\u021bia Parlamentului European din mai 2009 solicit\u0103 \u201e\u2026\u00eencetarea oric\u0103rei intimid\u0103ri a canalului ProTV \u0219i a oric\u0103ror amenin\u021b\u0103ri \u00een ceea ce prive\u0219te prelungirea licen\u021bei acestuia\u2026\u201d, subliniaz\u0103 importan\u021ba independen\u021bei mass-media \u0219i \u201c&#8230; luarea de m\u0103suri suplimentare pentru a garanta independen\u021ba editorial\u0103 a tuturor serviciilor media, inclusiv a Radio-televiziunii Moldova&#8230;\u201d pentru a crea un cadru de activitate liber, transparent \u0219i pluralist pentru mass-media din Republica Moldova.<\/font><\/p>\n<p><font color=\"#000000\">Coali\u021bia Civic\u0103 pentru Alegeri Libere \u015fi Corecte \u2013 Coali\u0163ia 2009 va urm\u0103ri \u0219i \u00een continuare evolu\u021bia comportamentului mass-media din Republica Moldova precum \u0219i al autorit\u0103\u021bilor \u00een raport cu aceste institu\u021bii. Totodat\u0103, invit\u0103m cet\u0103\u021benii \u0219i \u00eentreaga societate civil\u0103 s\u0103 dea dovad\u0103 de spirit civic \u00eentru ap\u0103rarea dreptului de a ne informa din surse media pluraliste, echidistante \u0219i credibile.  <\/font><\/p>\n<p><font color=\"#000000\"><br \/><strong>Subscrie la aceast\u0103 declara\u0163ie printr-un mesaj la <\/strong><a href=\"mailto:info@alegeliber.md\"><strong>info@alegeliber.md<\/strong><\/a><strong> \u015fi transmite-o mai departe prietenilor, cunostin\u0163elor \u015fi neap\u0103rat \u00een adresa Consiliului Coordonator al Audiovisualului (CCA) la adresa: <\/strong><\/font><a href=\"mailto:office@cca.md\"><strong>office@cca.md<\/strong><\/a><\/p>\n<p><a href=\"files\/declaratii\/declaratie privind situatia postului pro tv.pdf\">Descarc\u0103 PDF<\/a><\/p>\n","protected":false},"excerpt":{"rendered":"<p>Cere s\u0103 \u0163i se respecte dreptul la informare echidistant\u0103 \u015fi pluralist\u0103: DECLARA\u0162IE privind situa\u0163ia postului de televiziune Pro TV Chi\u015fin\u0103u 05 iunie 2009, Chi\u015fin\u0103u. Coali\u0163ia Civic\u0103 pentru Alegeri Libere \u0219i Corecte \u2013 Coali\u021bia 2009 \u00ee\u0219i exprim\u0103 \u00eengrijorarea fa\u021b\u0103 de situa\u0163ia creat\u0103 \u00een jurul postului de televiziune Pro TV Chi\u015fin\u0103u prin scoaterea la concurs a frecven\u021belor [&hellip;]<\/p>\n","protected":false},"author":2,"featured_media":0,"comment_status":"open","ping_status":"open","sticky":false,"template":"","format":"standard","meta":[],"categories":[49,47],"tags":[],"_links":{"self":[{"href":"https:\/\/alegeliber.md\/en\/wp-json\/wp\/v2\/posts\/42"}],"collection":[{"href":"https:\/\/alegeliber.md\/en\/wp-json\/wp\/v2\/posts"}],"about":[{"href":"https:\/\/alegeliber.md\/en\/wp-json\/wp\/v2\/types\/post"}],"author":[{"embeddable":true,"href":"https:\/\/alegeliber.md\/en\/wp-json\/wp\/v2\/users\/2"}],"replies":[{"embeddable":true,"href":"https:\/\/alegeliber.md\/en\/wp-json\/wp\/v2\/comments?post=42"}],"version-history":[{"count":0,"href":"https:\/\/alegeliber.md\/en\/wp-json\/wp\/v2\/posts\/42\/revisions"}],"wp:attachment":[{"href":"https:\/\/alegeliber.md\/en\/wp-json\/wp\/v2\/media?parent=42"}],"wp:term":[{"taxonomy":"category","embeddable":true,"href":"https:\/\/alegeliber.md\/en\/wp-json\/wp\/v2\/categories?post=42"},{"taxonomy":"post_tag","embeddable":true,"href":"https:\/\/alegeliber.md\/en\/wp-json\/wp\/v2\/tags?post=42"}],"curies":[{"name":"wp","href":"https:\/\/api.w.org\/{rel}","templated":true}]}}