{"id":43,"date":"2009-06-11T11:19:14","date_gmt":"2009-06-11T11:19:14","guid":{"rendered":""},"modified":"2011-04-09T17:41:42","modified_gmt":"2011-04-09T17:41:42","slug":"apelpgsis","status":"publish","type":"post","link":"https:\/\/alegeliber.md\/en\/apelpgsis-43.html","title":{"rendered":"Apel la impar\u021bialitate \u0219i responsabilitate!"},"content":{"rendered":"<h1><font color=\"#000000\">Apel la impar\u021bialitate \u0219i responsabilitate!<\/font><\/h1>\n<p><strong>Coali\u0163ia Civic\u0103 pentru Alegeri Libere \u015fi Corecte \u2013 \u201eCoali\u0163ia 2009\u201d face apel c\u0103tre Procuratura General\u0103, Serviciul de Informa\u021bii \u0219i Securitate pentru a nu admite implicarea acestor institu\u021bii \u00een lupta politic\u0103 dintre partide \u0219i solicit\u0103 institu\u021biilor media din Republica Moldova s\u0103 dea dovad\u0103 de impar\u021bialitate \u0219i pluralism \u00een reflectarea evenimentelor din perioada postelectoral\u0103.<br \/><\/strong> <br \/>Coali\u0163ia Civic\u0103 pentru Alegeri Libere \u015fi Corecte &#8211; \u201eCoali\u0163ia 2009\u201d este profund \u00eengrijorat\u0103 de maniera \u00een care a demarat, neoficial, campania electoral\u0103 \u00een cadrul alegerilor anticipate din Republica Moldova. Prin aceasta avem \u00een vedere \u00een mod special comportamentul incorect \u0219i denigrator al unor surse media care au difuzat recent un film documentar despre evenimentele din 6-8 aprilie 2009, intitulat \u201cAtac asupra Moldovei\u201d.<\/p>\n<p>Regret\u0103m faptul c\u0103 aceste mass-media nu au \u00een\u021beles c\u0103 \u0219i lor le revine o parte din vina moral\u0103 pentru evenimentele din 6 &#8211; 8 aprilie 2009, \u00eentruc\u00e2t prin comportamentul lor p\u0103rtinitor, pe parcursul \u00eentregii campanii electorale, au contribuit la aprofundarea tensiunii sociale \u0219i politice din societate. Consider\u0103m c\u0103 utilizarea \u00een continuare de c\u0103tre partidul de guvern\u0103m\u00e2nt a resurselor media pentru denigrarea opozi\u021biei \u00een contextul evenimentelor din 6 \u2013 8 aprilie 2009 deterioreaz\u0103 grav climatul \u00een care urmeaz\u0103 s\u0103 se desf\u0103\u0219oare alegerile anticipate. Aceasta creeaz\u0103 condi\u0163ii inechitabile pentru concuren\u0163ii electorali, fapt ce contravine standardelor privind alegerile libere \u015fi corecte.<\/p>\n<p>Totodat\u0103, \u00een contextul declara\u021biilor Procurorului General \u0219i Directorului Serviciului de Informa\u021bii \u0219i Securitate, citate \u00een filmul documentar sus men\u021bionat, Coali\u0163ia 2009 solicit\u0103 acestor institu\u021bii s\u0103 nu se lase utilizate \u00een lupta politica dintre partide. In mod special cerem Procuraturii Generale s\u0103 respecte principiul prezum\u0163iei nevinov\u0103\u0163iei \u015fi s\u0103 se ab\u021bin\u0103 de la difuzarea informatiei cu privire la dosarele \u015fi procesele penale initiate. Doar astfel ar putea fi restabilit\u0103 \u00eencrederea cet\u0103\u0163enilor \u00een suprema\u0163ia legii \u015fi statul de drept, condi\u0163ii esen\u0163iale pentru desf\u0103\u015furarea unor alegeri libere \u015fi corecte.  G\u0103si\u0163i anexat textul scrisorii trimise \u00een aten\u0163ia Procuraturii Generale a Republicii Moldova. <a href=\"files\/declaratii\/Apel_PG.pdf\" title=\"Scrisoare_PG\">PDF<\/a><\/p>\n","protected":false},"excerpt":{"rendered":"<p>Apel la impar\u021bialitate \u0219i responsabilitate! Coali\u0163ia Civic\u0103 pentru Alegeri Libere \u015fi Corecte \u2013 \u201eCoali\u0163ia 2009\u201d face apel c\u0103tre Procuratura General\u0103, Serviciul de Informa\u021bii \u0219i Securitate pentru a nu admite implicarea acestor institu\u021bii \u00een lupta politic\u0103 dintre partide \u0219i solicit\u0103 institu\u021biilor media din Republica Moldova s\u0103 dea dovad\u0103 de impar\u021bialitate \u0219i pluralism \u00een reflectarea evenimentelor din [&hellip;]<\/p>\n","protected":false},"author":2,"featured_media":0,"comment_status":"closed","ping_status":"closed","sticky":false,"template":"","format":"standard","meta":[],"categories":[49,47],"tags":[],"_links":{"self":[{"href":"https:\/\/alegeliber.md\/en\/wp-json\/wp\/v2\/posts\/43"}],"collection":[{"href":"https:\/\/alegeliber.md\/en\/wp-json\/wp\/v2\/posts"}],"about":[{"href":"https:\/\/alegeliber.md\/en\/wp-json\/wp\/v2\/types\/post"}],"author":[{"embeddable":true,"href":"https:\/\/alegeliber.md\/en\/wp-json\/wp\/v2\/users\/2"}],"replies":[{"embeddable":true,"href":"https:\/\/alegeliber.md\/en\/wp-json\/wp\/v2\/comments?post=43"}],"version-history":[{"count":0,"href":"https:\/\/alegeliber.md\/en\/wp-json\/wp\/v2\/posts\/43\/revisions"}],"wp:attachment":[{"href":"https:\/\/alegeliber.md\/en\/wp-json\/wp\/v2\/media?parent=43"}],"wp:term":[{"taxonomy":"category","embeddable":true,"href":"https:\/\/alegeliber.md\/en\/wp-json\/wp\/v2\/categories?post=43"},{"taxonomy":"post_tag","embeddable":true,"href":"https:\/\/alegeliber.md\/en\/wp-json\/wp\/v2\/tags?post=43"}],"curies":[{"name":"wp","href":"https:\/\/api.w.org\/{rel}","templated":true}]}}