{"id":44,"date":"2009-06-15T13:31:21","date_gmt":"2009-06-15T13:31:21","guid":{"rendered":""},"modified":"2010-11-09T09:17:27","modified_gmt":"2010-11-09T09:17:27","slug":"adresarecca","status":"publish","type":"post","link":"https:\/\/alegeliber.md\/en\/adresarecca-44.html","title":{"rendered":"ADRESARE C\u0102TRE CONSILIUL COORDONATOR AL AUDIOVIZUALULUI"},"content":{"rendered":"<p><\/p>\n<h3 align=\"justify\"><font face=\"verdana,geneva\" color=\"#000000\">ADRESARE C\u0102TRE CONSILIUL COORDONATOR AL AUDIOVIZUALULUI<\/font><\/h3>\n<p align=\"justify\"><em><strong><font face=\"verdana,geneva\" color=\"#000000\">Chi\u015fin\u0103u, 15 iunie 2009.<\/font><\/strong><\/em><font face=\"verdana,geneva\"><font color=\"#000000\"> Coali\u0163ia Civic\u0103 pentru Alegeri Libere \u015fi Corecte \u2013 \u201eCoali\u0163ia 2009\u201d solicit\u0103 Consiliului Coordonator al Audiovizualului (CCA) s\u0103 prezinte rezultatele monitoriz\u0103rii, concluziile \u0219i eventualele m\u0103suri luate de CCA \u00een leg\u0103tur\u0103 cu difuzarea filmului documentar \u201dAtac asupra Moldovei\u201d de c\u0103tre mai multe posturi TV (NIT, N4, Prime, EuTV, Moldova 1) \u00een perioada 5 \u2013 14 iunie 2009.<\/font><\/font><\/p>\n<p><!--more--><\/p>\n<h3 align=\"justify\"><font face=\"verdana,geneva\" color=\"#000000\">ADRESARE C\u0102TRE CONSILIUL COORDONATOR AL AUDIOVIZUALULUI<\/font><\/h3>\n<p align=\"justify\"><em><strong><font face=\"verdana,geneva\" color=\"#000000\">Chi\u015fin\u0103u, 15 iunie 2009.<\/font><\/strong><\/em><font face=\"verdana,geneva\"><font color=\"#000000\"> Coali\u0163ia Civic\u0103 pentru Alegeri Libere \u015fi Corecte \u2013 \u201eCoali\u0163ia 2009\u201d solicit\u0103 Consiliului Coordonator al Audiovizualului (CCA) s\u0103 prezinte rezultatele monitoriz\u0103rii, concluziile \u0219i eventualele m\u0103suri luate de CCA \u00een leg\u0103tur\u0103 cu difuzarea filmului documentar \u201dAtac asupra Moldovei\u201d de c\u0103tre mai multe posturi TV (NIT, N4, Prime, EuTV, Moldova 1) \u00een perioada 5 \u2013 14 iunie 2009.<\/font><\/font><\/p>\n<p align=\"justify\"><font face=\"verdana,geneva\" color=\"#000000\">Coali\u021bia Civic\u0103 pentru Alegeri Libere \u0219i Corecte \u2013 \u201cCoali\u021bia 2009\u201d aten\u021bioneaz\u0103 Consiliul Coordonator al Audiovizualului asupra faptului c\u0103 prezentarea public\u0103 a acestui documentar a trezit deja mari controverse \u00een societate \u0219i risc\u0103 s\u0103 alimenteze ura social\u0103 \u0219i na\u021bional\u0103 \u00eentre diferite categorii de cet\u0103\u021beni. Aceste controverse  creaz\u0103 din start condi\u0163ii inechitabile pentru concuren\u0163ii electorali \u00een preajma campaniei electorale anticipate, fapt ce contravine standardelor privind alegerile libere \u015fi corecte \u0219i risc\u0103 s\u0103 alimenteze negativ opinia public\u0103 din Republica Moldova.<\/p>\n<p>\u00cen acest context, pornind de la cadrul legal al Republicii Moldova, \u00een special de la prevederile Codului Audiovizualului \u0219i practicile interna\u021bionale \u00een domeniul audiovizualului, Coali\u021bia Civic\u0103 pentru Alegeri Libere \u0219i Corecte \u2013 \u201cCoali\u021bia 2009\u201d a solicitat Consiliului Coordonator al Audiovizualului, \u00een limita statului \u0219i a competen\u021belor sale, s\u0103 stabileasc\u0103 dac\u0103 prin difuzarea integral\u0103 sau par\u021bial\u0103  a filmului respectiv, radiodifuzorii men\u021biona\u021bi mai sus:<\/font><\/p>\n<p align=\"justify\"><font face=\"verdana,geneva\" color=\"#000000\">&#8211; au asigurat dreptul la informare complet\u0103, obiectiv\u0103 \u015fi veridic\u0103  a consumatorului de programe precum \u0219i dreptul la libera formare a opiniilor;<br \/>&#8211; au asigurat pluralismul politic \u015fi social, respectarea libert\u0103\u0163ilor \u015fi a drepturilor fundamentale ale omului ;<br \/>&#8211; au acordat timpi de anten\u0103 egali  pentru propagarea ideilor partidelor politice vizate \u00een film astfel \u00eenc\u00e2t s\u0103 nu fie favorizat un anume partid prin exprimarea unor pozi\u021bii unilaterale;<br \/>&#8211; au admis incitarea la ur\u0103 pe considerente de na\u0163ionalitate ;<br \/>&#8211; au pus \u00een pericol, datorit\u0103 scenelor violente \u0219i a limbajului licen\u0163ios, dezvoltarea fizic\u0103, mental\u0103 sau moral\u0103 a minorilor  (de remarcat c\u0103 acest film a fost difuzat la ore \u00een care minorii \u00eel puteau viziona);<br \/>&#8211; au respectat Codul de Conduit\u0103 al Radiodifuzorilor.<\/font><\/p>\n<p align=\"justify\"><font face=\"verdana,geneva\" color=\"#000000\">Coali\u021bia Civic\u0103 pentru Alegeri Libere \u0219i Corecte \u2013 \u201cCoali\u021bia 2009\u201d a mai solicitat Consiliului Coordonator al Audiovizualului, \u00een cazul \u00een care va constata abateri de la legisla\u021bia \u00een vigoare, s\u0103 ia m\u0103surile de rigoare pentru a nu admite difuzarea acestui film \u00een timpul campaniei electorale anticipate de c\u0103tre radiodifuzorii viza\u021bi precum \u0219i s\u0103 garanteze respectarea prezum\u021biei nevinov\u0103\u021biei \u00een cadrul materialelor difuzate la aceste posturi TV.<\/p>\n<p>G\u0103si\u0163i anexat textul adres\u0103rii trimise \u00een aten\u0163ia Consiliului Coordonator al Audiovizualului din Republica Moldova. (<a href=\"files\/declaratii\/Adresare_catre_CCA.pdf\">PDF<\/a>)<\/p>\n<p>Pentru informa\u0163ii suplimentare v\u0103 rug\u0103m s\u0103 contacta\u0163i: Nicolae Panfil, Secretarul Coali\u021biei Civice pentru Alegeri Libere \u0219i Corecte- \u201eCoali\u0163ia 2009\u201d, la tel.: (373 22) 23 53 43 \/ ext. 108 sau prin e-mail: <\/font><font face=\"verdana,geneva\"><a href=\"mailto:info@alegeliber.md\"><font color=\"#000000\">info@alegeliber.md<\/font><\/a><\/font><font face=\"verdana,geneva\" color=\"#000000\">.<\/font><\/p>\n<p><\/p>","protected":false},"excerpt":{"rendered":"<p>This content is available only in Romanian. For the sake of viewer convenience, the content is shown below in the alternative language. You may click the link to switch the active language. ADRESARE C\u0102TRE CONSILIUL COORDONATOR AL AUDIOVIZUALULUI Chi\u015fin\u0103u, 15 iunie 2009. Coali\u0163ia Civic\u0103 pentru Alegeri Libere \u015fi Corecte \u2013 \u201eCoali\u0163ia 2009\u201d solicit\u0103 Consiliului Coordonator [&hellip;]<\/p>\n","protected":false},"author":2,"featured_media":0,"comment_status":"closed","ping_status":"closed","sticky":false,"template":"","format":"standard","meta":[],"categories":[49,47],"tags":[],"_links":{"self":[{"href":"https:\/\/alegeliber.md\/en\/wp-json\/wp\/v2\/posts\/44"}],"collection":[{"href":"https:\/\/alegeliber.md\/en\/wp-json\/wp\/v2\/posts"}],"about":[{"href":"https:\/\/alegeliber.md\/en\/wp-json\/wp\/v2\/types\/post"}],"author":[{"embeddable":true,"href":"https:\/\/alegeliber.md\/en\/wp-json\/wp\/v2\/users\/2"}],"replies":[{"embeddable":true,"href":"https:\/\/alegeliber.md\/en\/wp-json\/wp\/v2\/comments?post=44"}],"version-history":[{"count":0,"href":"https:\/\/alegeliber.md\/en\/wp-json\/wp\/v2\/posts\/44\/revisions"}],"wp:attachment":[{"href":"https:\/\/alegeliber.md\/en\/wp-json\/wp\/v2\/media?parent=44"}],"wp:term":[{"taxonomy":"category","embeddable":true,"href":"https:\/\/alegeliber.md\/en\/wp-json\/wp\/v2\/categories?post=44"},{"taxonomy":"post_tag","embeddable":true,"href":"https:\/\/alegeliber.md\/en\/wp-json\/wp\/v2\/tags?post=44"}],"curies":[{"name":"wp","href":"https:\/\/api.w.org\/{rel}","templated":true}]}}