{"id":45,"date":"2009-07-03T00:00:00","date_gmt":"2009-07-03T00:00:00","guid":{"rendered":""},"modified":"2011-06-02T17:24:00","modified_gmt":"2011-06-02T17:24:00","slug":"demerscec","status":"publish","type":"post","link":"https:\/\/alegeliber.md\/en\/demerscec-45.html","title":{"rendered":"DEMERS C\u0102TRE COMISIA ELECTORAL\u0102 CENTRAL\u0102 PRIVIND AFI\u015eAREA LISTELOR ELECTORALE"},"content":{"rendered":"<p><\/p>\n<h3><font color=\"#000000\"><font face=\"verdana,geneva\">DEMERS C\u0102TRE COMISIA ELECTORAL\u0102 CENTRAL\u0102 PRIVIND AFI\u015eAREA LISTELOR ELECTORALE<\/font><\/font><\/h3>\n<p><font face=\"verdana,geneva\">  <\/font><\/p>\n<p align=\"justify\"><font face=\"verdana,geneva\">Stimate  Dle Pre\u015fedinte, <\/font><font face=\"verdana,geneva\"><br \/><\/font><font face=\"verdana,geneva\"> <\/font><\/p>\n<p><font face=\"verdana,geneva\">  <\/font><\/p>\n<p align=\"justify\"><font face=\"verdana,geneva\">Coali\u0163ia Civic\u0103  pentru Alegeri Libere \u015fi Corecte \u2013 \u201eCoali\u021bia 2009\u201d  a urm\u0103rit cu aten\u021bie desf\u0103\u0219urarea campaniei electorale din 5 aprilie  2009 \u0219i a constatat cu regret probleme legate de elaborarea, verificarea  \u0219i afi\u0219area listelor electorale. Acest fapt a fost consemnat de mai  multe ori \u00een rapoartele de monitorizare a precedentei campanii electorale  realizate de c\u0103tre Coali\u021bia 2009 \u0219i al\u021bi observatori independen\u021bi. <\/font><\/p>\n<p><!--more--><br \/><font face=\"verdana,geneva\"> <\/font><\/p>\n<h3><font><font color=\"#000000\"><font face=\"verdana,geneva\">DEMERS C\u0102TRE COMISIA ELECTORAL\u0102 CENTRAL\u0102 PRIVIND AFI\u015eAREA LISTELOR ELECTORALE<\/font><\/font><\/font><\/h3>\n<p><font face=\"verdana,geneva\"> <\/font><\/p>\n<p><font face=\"verdana,geneva\">Domnului Eugeniu \u015eTIRBU,<\/font><\/p>\n<p><font face=\"verdana,geneva\"> <\/font><\/p>\n<p><font face=\"verdana,geneva\">Comisia Electoral\u0103 Central\u0103  a Republicii Moldova <\/font><\/p>\n<p><font face=\"verdana,geneva\"> <\/font><\/p>\n<p align=\"center\"><strong><font face=\"verdana,geneva\">Demers  <\/font><\/strong><font face=\"verdana,geneva\"><br \/><\/font><font face=\"verdana,geneva\"> <\/font><\/p>\n<p><font face=\"verdana,geneva\"> <\/font><\/p>\n<p align=\"right\"><font face=\"verdana,geneva\">Nr. 09\/09 din 3 iulie  2009 <\/font><\/p>\n<p><font face=\"verdana,geneva\"> <\/font><\/p>\n<p align=\"justify\"><strong><font face=\"verdana,geneva\">Stimate  Dle Pre\u0219edinte<\/font><\/strong><font face=\"verdana,geneva\">, <\/font><\/p>\n<p><font face=\"verdana,geneva\"> <\/font><\/p>\n<p align=\"justify\"><font face=\"verdana,geneva\">Coali\u0163ia Civic\u0103  pentru Alegeri Libere \u015fi Corecte \u2013 \u201eCoali\u021bia 2009\u201d  a urm\u0103rit cu aten\u021bie desf\u0103\u0219urarea campaniei electorale din 5 aprilie  2009 \u0219i a constatat cu regret probleme legate de elaborarea, verificarea  \u0219i afi\u0219area listelor electorale. Acest fapt a fost consemnat de mai  multe ori \u00een rapoartele de monitorizare a precedentei campanii electorale  realizate de c\u0103tre Coali\u021bia 2009 \u0219i al\u021bi observatori independen\u021bi. <\/font><\/p>\n<p><font face=\"verdana,geneva\"> <\/font><\/p>\n<p align=\"justify\"><font face=\"verdana,geneva\">Coal\u0163ia Civic\u0103 pentru  Alegeri Libere \u015fi Corecte \u2013 \u201eCoali\u021bia 2009\u201d consider\u0103 c\u0103 pentru  fortificarea \u00eencrederii popula\u0163iei \u015fi a actorilor electorali \u00een  alegeri libere \u015fi corecte este necesar\u0103 evitarea eventualelor nereguli  \u00een elaborarea listelor electorale pentru alegerile parlamentare anticipate  din 29 iulie 2009. \u00cen acest sens, solicit\u0103m s\u0103 asigura\u021bi transparen\u0163a  procesului de actualizare a listelor care poate fi garantat\u0103 doar prin <\/font><strong><font face=\"verdana,geneva\"> afi\u015farea \u00een termeni legali a listelor electorale <\/font><\/strong><font face=\"verdana,geneva\">\u00een localurile  sec\u0163iilor de votare \u0219i nu prin simpla prezen\u021b\u0103 a acestora pe biroul  din cadrul sec\u021biei. Doar astfel se poate vorbi de respectarea veritabil\u0103  a dreptului cet\u0103\u0163enilor de a lua cuno\u015ftin\u0163\u0103 de listele electorale,  dreptul de a contesta neincluderea lor \u00een list\u0103 sau excluderea din  ea, precum \u015fi \u00eempotriva altor erori comise la \u00eenscrierea datelor  despre sine sau despre al\u0163i aleg\u0103tori. Men\u0163ion\u0103m c\u0103 <\/font><strong><font face=\"verdana,geneva\">afi\u015farea  listelor electorale<\/font><\/strong><font face=\"verdana,geneva\"> este expres men\u0163ionat\u0103 \u00een articolul 40 al  Codului Electoral al Republicii Moldova \u015fi \u00eendemn\u0103m autorit\u0103\u0163ile  electorale s\u0103 respecte cu stricte\u0163e aceste prevederi.<\/font><\/p>\n<p><font face=\"verdana,geneva\"> <\/font><\/p>\n<p align=\"justify\"><font face=\"verdana,geneva\">Coali\u0163ia Civic\u0103  pentru Alegeri Libere \u015fi Corecte \u2013 \u201eCoali\u021bia 2009\u201d  este convins\u0103 c\u0103 doar prin respectarea necondi\u021bionat\u0103  a prevederilor Codului Electoral pot fi asigurate alegeri libere \u015fi  corecte, precondi\u0163ie esen\u0163ial\u0103 a unei guvern\u0103ri democratice.<\/font><\/p>\n<p><font face=\"verdana,geneva\"> <\/font><\/p>\n<p align=\"justify\"><font face=\"verdana,geneva\">V\u0103 mul\u0163umim  anticipat pentru cooperare.<\/font><\/p>\n<p><font face=\"verdana,geneva\"> <\/font><\/p>\n<p align=\"justify\"><strong><font face=\"verdana,geneva\">Nicolae Panfil<\/font><\/strong><\/p>\n<p><font face=\"verdana,geneva\"> <\/font><\/p>\n<p align=\"justify\"><strong><font face=\"verdana,geneva\">Secretarul  Coali\u021biei <\/font><\/strong><\/p>\n<p><font face=\"verdana,geneva\"> <\/font><\/p>\n<p align=\"justify\"><strong><font face=\"verdana,geneva\">\u00een numele membrilor  Consiliului Coali\u021biei Civice pentru Alegeri Libere  \u0219i Corecte \u2013 \u201cCoali\u021bia 2009\u201d<\/font><\/strong><\/p>\n<p><\/p>","protected":false},"excerpt":{"rendered":"<p>This content is available only in Romanian. For the sake of viewer convenience, the content is shown below in the alternative language. You may click the link to switch the active language. DEMERS C\u0102TRE COMISIA ELECTORAL\u0102 CENTRAL\u0102 PRIVIND AFI\u015eAREA LISTELOR ELECTORALE Stimate Dle Pre\u015fedinte, Coali\u0163ia Civic\u0103 pentru Alegeri Libere \u015fi Corecte \u2013 \u201eCoali\u021bia 2009\u201d a [&hellip;]<\/p>\n","protected":false},"author":2,"featured_media":0,"comment_status":"closed","ping_status":"closed","sticky":false,"template":"","format":"standard","meta":[],"categories":[47],"tags":[],"_links":{"self":[{"href":"https:\/\/alegeliber.md\/en\/wp-json\/wp\/v2\/posts\/45"}],"collection":[{"href":"https:\/\/alegeliber.md\/en\/wp-json\/wp\/v2\/posts"}],"about":[{"href":"https:\/\/alegeliber.md\/en\/wp-json\/wp\/v2\/types\/post"}],"author":[{"embeddable":true,"href":"https:\/\/alegeliber.md\/en\/wp-json\/wp\/v2\/users\/2"}],"replies":[{"embeddable":true,"href":"https:\/\/alegeliber.md\/en\/wp-json\/wp\/v2\/comments?post=45"}],"version-history":[{"count":0,"href":"https:\/\/alegeliber.md\/en\/wp-json\/wp\/v2\/posts\/45\/revisions"}],"wp:attachment":[{"href":"https:\/\/alegeliber.md\/en\/wp-json\/wp\/v2\/media?parent=45"}],"wp:term":[{"taxonomy":"category","embeddable":true,"href":"https:\/\/alegeliber.md\/en\/wp-json\/wp\/v2\/categories?post=45"},{"taxonomy":"post_tag","embeddable":true,"href":"https:\/\/alegeliber.md\/en\/wp-json\/wp\/v2\/tags?post=45"}],"curies":[{"name":"wp","href":"https:\/\/api.w.org\/{rel}","templated":true}]}}