{"id":5,"date":"2009-07-21T11:28:10","date_gmt":"2009-07-21T11:28:10","guid":{"rendered":""},"modified":"2010-10-01T15:03:38","modified_gmt":"2010-10-01T15:03:38","slug":"rapoarteapel2907","status":"publish","type":"post","link":"https:\/\/alegeliber.md\/en\/rapoarteapel2907-5.html","title":{"rendered":"APEL Reports &#8211; Constitutional referendum, 5th September 2010"},"content":{"rendered":"<p><\/p>\n<\/p>\n<p><\/p>","protected":false},"excerpt":{"rendered":"Asocia\u021bia Presei Electronice (APEL) va prezenta \u00een cadrul Coali\u021biei Civice pentru Alegeri Libere \u0219i Corecte rapoarte de monitorizare a comportamentului mass-media \u00een cadrul campaniei electorale la referendumul constitu\u021bional din 5 septembrie 2010. Rapoartele vor ap\u0103rea c\u00e2t de cur\u00e2nd dup\u0103 lansarea acestora.","protected":false},"author":2,"featured_media":0,"comment_status":"closed","ping_status":"closed","sticky":false,"template":"","format":"standard","meta":[],"categories":[1],"tags":[],"_links":{"self":[{"href":"https:\/\/alegeliber.md\/en\/wp-json\/wp\/v2\/posts\/5"}],"collection":[{"href":"https:\/\/alegeliber.md\/en\/wp-json\/wp\/v2\/posts"}],"about":[{"href":"https:\/\/alegeliber.md\/en\/wp-json\/wp\/v2\/types\/post"}],"author":[{"embeddable":true,"href":"https:\/\/alegeliber.md\/en\/wp-json\/wp\/v2\/users\/2"}],"replies":[{"embeddable":true,"href":"https:\/\/alegeliber.md\/en\/wp-json\/wp\/v2\/comments?post=5"}],"version-history":[{"count":0,"href":"https:\/\/alegeliber.md\/en\/wp-json\/wp\/v2\/posts\/5\/revisions"}],"wp:attachment":[{"href":"https:\/\/alegeliber.md\/en\/wp-json\/wp\/v2\/media?parent=5"}],"wp:term":[{"taxonomy":"category","embeddable":true,"href":"https:\/\/alegeliber.md\/en\/wp-json\/wp\/v2\/categories?post=5"},{"taxonomy":"post_tag","embeddable":true,"href":"https:\/\/alegeliber.md\/en\/wp-json\/wp\/v2\/tags?post=5"}],"curies":[{"name":"wp","href":"https:\/\/api.w.org\/{rel}","templated":true}]}}