{"id":659,"date":"2010-09-13T14:44:09","date_gmt":"2010-09-13T14:44:09","guid":{"rendered":"http:\/\/alegeliber.md\/?p=659"},"modified":"2010-10-19T17:59:26","modified_gmt":"2010-10-19T17:59:26","slug":"raport-apel-%e2%80%9emonitorizarea-reflectarii-campaniei-electorale-pentru-referendumul-constitu%c8%9bional-din-5-septembrie-2010-de-catre-ipna-%e2%80%9eteleradio-moldova%e2%80%9d-%c8%99i-%e2%80%9eipr","status":"publish","type":"post","link":"https:\/\/alegeliber.md\/en\/raport-apel-%e2%80%9emonitorizarea-reflectarii-campaniei-electorale-pentru-referendumul-constitu%c8%9bional-din-5-septembrie-2010-de-catre-ipna-%e2%80%9eteleradio-moldova%e2%80%9d-%c8%99i-%e2%80%9eipr-659.html","title":{"rendered":"Raport APEL \u201eMonitorizarea reflect\u0103rii campaniei electorale pentru referendumul constitu\u021bional din 5 septembrie 2010 de c\u0103tre IPNA \u201eTeleradio-Moldova\u201d \u0219i \u201eIPRA Teleradio-G\u0103g\u0103uzia\u201d"},"content":{"rendered":"<p><\/p>\n<p><strong><a href=\"http:\/\/apel.md\/\"><img loading=\"lazy\" class=\"alignleft size-full wp-image-660\" title=\"apel\" src=\"https:\/\/alegeliber.md\/wp-content\/uploads\/2010\/10\/apel.jpg\" alt=\"\" width=\"219\" height=\"69\" srcset=\"https:\/\/alegeliber.md\/wp-content\/uploads\/2010\/10\/apel.jpg 219w, https:\/\/alegeliber.md\/wp-content\/uploads\/2010\/10\/apel-100x31.jpg 100w, https:\/\/alegeliber.md\/wp-content\/uploads\/2010\/10\/apel-200x63.jpg 200w\" sizes=\"(max-width: 219px) 100vw, 219px\" \/><\/a>Perioada<\/strong>: 05 august \u2013 05 septembrie 2010<\/p>\n<p><strong>Obiectul monitoriz\u0103rii: <\/strong>programele de \u015ftiri\/actualit\u0103\u0163i;  publicitatea electoral\u0103 gratuit \u015fi contra plat\u0103; timpii de anten\u0103  gratuit destina\u0163i mesajelor electorale; spoturile de educa\u0163ie  electoral\u0103, emisiunile de educa\u0163ie electoral\u0103 \u015fi dezbaterile electorale \u2013  toate, care sunt difuzate \u00een prime-time.<\/p>\n<p><strong>Scopul: <\/strong>determinarea modului \u00een care radiodifuzorii publici,  na\u0163ional \u015fi regional, reflect\u0103 procesul electoral pentru referendumul  constitu\u0163ional din 05 septembrie 2010.<\/p>\n<p><strong> <\/strong><\/p>\n<p><strong>Autorul monitoriz\u0103rii: <\/strong>Asocia\u0163ia Presei Electronice din Moldova.<\/p>\n<p><strong>Grila de Monitorizare<\/strong><\/p>\n<p><strong> <\/strong><\/p>\n<p><strong>Posturi monitorizate: <\/strong>Tv Moldova1, Radio Moldova, Tv G\u0103g\u0103uzia, Radio G\u0103g\u0103uzia<\/p>\n<p><strong> <\/strong><\/p>\n<p><strong>Subiec\u0163i monitoriza\u0163i:<\/strong><\/p>\n<ul>\n<li>Func\u0163ionari de stat (Fs);<\/li>\n<li>Func\u0163ionari electorali (Fe);<\/li>\n<li>Politicieni(P)\/partide;<\/li>\n<li>Cet\u0103\u0163eni (C)<\/li>\n<li>Exper\u0163i (E)<\/li>\n<\/ul>\n<p><strong> <\/strong><\/p>\n<p><strong>Analiza cantitativ\u0103:<\/strong><\/p>\n<ul>\n<li>Num\u0103rul \u015fi durata \u015ftirilor electorale;<\/li>\n<li>Frecven\u0163a \u015fi durata apari\u0163iilor tuturor categoriilor de protagoni\u015fti  \u00een \u015ftiri \/ subiecte \/ emisiuni electorale: a) interven\u0163ii directe; b)  men\u0163iuni\/apari\u0163ii;<\/li>\n<li>Raportul categoriilor de protagoni\u015fti \u00een \u015ftirile electorale;<\/li>\n<li>Orientarea mesajului protagoni\u015ftilor \u00een \u015ftiri electorale: pro schimbare a articolului 78 din<\/li>\n<li>Constitu\u0163ie (Ps), anti schimbare a articolului 78 din Constitu\u0163ie (As); pro referendum (Pr);<\/li>\n<li>anti referendum (Ar);<\/li>\n<li>Raportul b\u0103rba\u0163i-femei \u00een \u015ftirile electorale;<\/li>\n<li>Frecven\u0163a \u015fi durata apari\u0163iilor actorilor politici \u00een emisiuni: a) interven\u0163ii directe; b)<\/li>\n<li>men\u0163iuni\/apari\u0163ii;<\/li>\n<li>Volumul timpilor de anten\u0103 oferi\u0163i \u00een scopuri electorale;<\/li>\n<li>Num\u0103rul \u015fi durata emisiunilor\/dezbaterilor electorale.<\/li>\n<\/ul>\n<p><strong> <\/strong><\/p>\n<p><strong>Analiza calitativ\u0103:<\/strong><\/p>\n<ul>\n<li>Num\u0103rul de surse de informa\u0163ie \u00een \u015ftirile cu caracter conflictual;<\/li>\n<li>Contextul apari\u0163iei protagoni\u015ftilor \u00een \u015ftiri: a) pozitiv; b) negativ; c) neutru;<\/li>\n<li>Atitudinea jurnalistului \u00een \u015ftiri: a) p\u0103rtinitoare; b) nep\u0103rtinitoare;<\/li>\n<li>Calitatea limbajului jurnalistului \u00een \u015ftiri electorale: a) acceptabil; b) defectuos; c) licen\u0163ios;<\/li>\n<li>Presta\u0163ia moderatorului de dezbateri electorale: a) adecvat\u0103; b) par\u0163ial adecvat\u0103; c)<\/li>\n<li>inadecvat\u0103.<\/li>\n<\/ul>\n<p>Raportul integral poate fi g\u0103sit anexat mai jos.<\/p>\n<p><\/p>","protected":false},"excerpt":{"rendered":"<p>Perioada: 05 august \u2013 05 septembrie 2010 Obiectul monitoriz\u0103rii: programele de \u015ftiri\/actualit\u0103\u0163i; publicitatea electoral\u0103 gratuit \u015fi contra plat\u0103; timpii de anten\u0103 gratuit destina\u0163i mesajelor electorale; spoturile de educa\u0163ie electoral\u0103, emisiunile de educa\u0163ie electoral\u0103 \u015fi dezbaterile electorale \u2013 toate, care sunt difuzate \u00een prime-time. Scopul: determinarea modului \u00een care radiodifuzorii publici, na\u0163ional \u015fi regional, reflect\u0103 procesul [&hellip;]<\/p>\n","protected":false},"author":2,"featured_media":0,"comment_status":"closed","ping_status":"closed","sticky":false,"template":"","format":"standard","meta":[],"categories":[57],"tags":[],"_links":{"self":[{"href":"https:\/\/alegeliber.md\/en\/wp-json\/wp\/v2\/posts\/659"}],"collection":[{"href":"https:\/\/alegeliber.md\/en\/wp-json\/wp\/v2\/posts"}],"about":[{"href":"https:\/\/alegeliber.md\/en\/wp-json\/wp\/v2\/types\/post"}],"author":[{"embeddable":true,"href":"https:\/\/alegeliber.md\/en\/wp-json\/wp\/v2\/users\/2"}],"replies":[{"embeddable":true,"href":"https:\/\/alegeliber.md\/en\/wp-json\/wp\/v2\/comments?post=659"}],"version-history":[{"count":0,"href":"https:\/\/alegeliber.md\/en\/wp-json\/wp\/v2\/posts\/659\/revisions"}],"wp:attachment":[{"href":"https:\/\/alegeliber.md\/en\/wp-json\/wp\/v2\/media?parent=659"}],"wp:term":[{"taxonomy":"category","embeddable":true,"href":"https:\/\/alegeliber.md\/en\/wp-json\/wp\/v2\/categories?post=659"},{"taxonomy":"post_tag","embeddable":true,"href":"https:\/\/alegeliber.md\/en\/wp-json\/wp\/v2\/tags?post=659"}],"curies":[{"name":"wp","href":"https:\/\/api.w.org\/{rel}","templated":true}]}}