{"id":685,"date":"2010-10-19T12:45:14","date_gmt":"2010-10-19T12:45:14","guid":{"rendered":"http:\/\/alegeliber.md\/?p=685"},"modified":"2010-10-26T11:30:38","modified_gmt":"2010-10-26T11:30:38","slug":"centrul-pentru-jurnalism-independent-a-lansat-primul-raport-de-monitorizare-a-modului-in-care-este-reflectata-campania-electorala-pentru-alegerile-parlamentare-anticipate-de-catre-principalele-mass-me","status":"publish","type":"post","link":"https:\/\/alegeliber.md\/en\/centrul-pentru-jurnalism-independent-a-lansat-primul-raport-de-monitorizare-a-modului-in-care-este-reflectata-campania-electorala-pentru-alegerile-parlamentare-anticipate-de-catre-principalele-mass-me-685.html","title":{"rendered":"Centrul pentru Jurnalism Independent a lansat primul raport de monitorizare a modului \u00een care este reflectat\u0103 campania electoral\u0103 pentru alegerile parlamentare anticipate de c\u0103tre principalele mass-media din Republica Moldova"},"content":{"rendered":"<p><a href=\"http:\/\/www.ijc.md\/index.php?option=com_content&amp;task=view&amp;id=551&amp;Itemid=1\"><img loading=\"lazy\" class=\"alignleft size-medium wp-image-686\" title=\"conferinta CJI\" src=\"https:\/\/alegeliber.md\/wp-content\/uploads\/2010\/10\/conferinta-CJI-200x122.jpg\" alt=\"\" width=\"200\" height=\"122\" srcset=\"https:\/\/alegeliber.md\/wp-content\/uploads\/2010\/10\/conferinta-CJI-200x122.jpg 200w, https:\/\/alegeliber.md\/wp-content\/uploads\/2010\/10\/conferinta-CJI-100x61.jpg 100w, https:\/\/alegeliber.md\/wp-content\/uploads\/2010\/10\/conferinta-CJI.jpg 355w\" sizes=\"(max-width: 200px) 100vw, 200px\" \/><\/a>Centrul pentru Jurnalism  Independent a lansat la 19 octombrie 2010,  \u00een cadrul Coali\u0163iei Civice pentru Alegeri Libere  \u015fi Corecte,  rezultatele primei etape de monitorizare a modului \u00een care  este  reflectat\u0103 campania electoral\u0103 pentru alegerile parlamentare  anticipate  de c\u0103tre principalele mass-media din Republica Moldova.      <strong> <\/strong><strong>Concluzii  generale<\/strong><strong><em> <\/em><\/strong><\/p>\n<p><strong><em>Posturi radio\/TV: <\/em><\/strong>\u00cen  perioada 28 septembrie \u2013  10 octombrie 2010, cele 10 posturi de radio  \u015fi tv monitorizate au  difuzat un num\u0103r destul de mare de materiale cu  impact electoral direct  sau indirect. Pe l\u00eeng\u0103 materialele ce vizeaz\u0103  direct procesul electoral,  majoritatea posturilor vizate au urm\u0103rit \u015fi  reflectat pe larg \u015fi  procesul politic, \u00een special disensiunile din  interiorul alian\u0163ei de  guvern\u0103m\u00eent, materialele de acest fel av\u00eend o  conota\u0163ie electoral\u0103  indirect\u0103.<\/p>\n<p>La posturile publice  Moldova 1 \u015fi Radio Moldova, pe l\u00e2ng\u0103 partidele  constituente ale Alian\u0163ei  pentru Integrarea European\u0103, opinia asupra  mai multor probleme \u015fi-au  expus-o \u015fi reprezentan\u0163ii PCRM, dar \u015fi unele  partide extraparlamentare  \u015fi exper\u0163i independen\u0163i. Concuren\u0163ii  electorali au fost reflecta\u0163i \u00een  majoritatea cazurilor neutru, dar au  fost \u00eenregistrate \u015fi cazuri \u00een care  ace\u015ftia au ap\u0103rut \u00een lumin\u0103 fie  pozitiv\u0103, fie negativ\u0103. De remarcat c\u0103  posturile publice au renun\u0163at la  practica din anii preceden\u0163i de a  \u00eencepe buletinele de \u015ftiri cu  materiale favorabile pentru partidele de  guvern\u00eem\u00e2nt.<\/p>\n<p>Spre deosebire de  campanile electorale precedente, Prime TV a reflectat  pe larg subiectele  cu conota\u0163ie electoral\u0103, \u00een materialele acestui  post fiind prezenta\u0163i  at\u00eet membrii Alian\u0163ei pentru Integrarea  European\u0103, c\u00e2t \u015fi ai PCRM,  preponderent \u00een context neutru. \u00cen contrast,  un alt post privat cu  acoperire na\u0163ional\u0103 NIT a dat dovad\u0103 de un  evident comportament  partisan, f\u0103c\u00e2nd campanie pentru PCRM, acest  partid fiind prezentat doar  \u00een lumin\u0103 pozitiv\u0103 \u015fi neutr\u0103. Totodat\u0103,  alian\u0163a de guvern\u0103m\u00e2nt \u015fi  partidele componente ale acesteia au fost \u00een  marea majoritate a  cazurilor criticate \u015fi defavorizate de c\u0103tre acest  post.<\/p>\n<p>Postul cu acoperire  na\u0163ional\u0103 2 Plus, care \u015fi-a lansat primele buletine  de \u015ftiri \u00een toamna  acestui an, a avut \u00een perioada de referin\u0163\u0103 un  comportament pasiv,  oferind publicului informa\u0163ie foarte sumar\u0103 despre  campania electoral\u0103.  Postul respectiv, ca \u015fi N4\u00a0 (cu acoperire  regional\u0103) nu au  avut emisiuni de opinie \u00een care ar fi fost vorba de  viitoarele alegeri.  Totu\u015fi, N4 a fost activ \u00een reflectarea subiectelor  de acest fel \u00een  buletinele de \u015ftiri. Spre deosebire de campaniile  precedente, \u00een care  politica editorial\u0103 a N4 era v\u0103dit pro-PCRM \u015fi  anti-partide de orientare  liberal\u0103, \u00een primele dou\u0103 s\u0103pt\u0103m\u00eeni de  campanie din acest an, N4 a avut  un comportament pu\u0163in mai echilibrat,  oferind informa\u0163ii din mai multe  perspective.<\/p>\n<p>Posturile de \u015ftiri  Publika TV \u015fi Jurnal TV au reflectat activ  evenimentele cu conota\u0163ie  electoral\u0103 din perioada de raport, venind cu  \u015ftiri diverse \u00een care au  fost prezen\u0163i o mare parte din concuren\u0163ii  electorali, dar si cu multe  emisiuni de opinie \u00een cadrul c\u0103rora a fost  tratat subiectul alegerilor.  Concuren\u0163ii electorali au fost prezenta\u0163i  preponderent neutru, dar \u015fi  pozitiv, \u015fi negativ f\u0103r\u0103 a fi remarcat\u0103  vreo tendin\u0163\u0103 evident\u0103 de  favorizare a anumitor concuren\u0163i.<\/p>\n<p>Posturile  de radio Prime FM \u015fi Vocea Basarabiei au reflectat pe larg  subiectele  cu caracter electoral direct sau indirect, \u00een special \u00een  buletinele de  \u015ftiri \u015fi emisiunile de opinie. La Vocea Basarabiei se  remarc\u0103 o  defavorizare a PCRM, \u00een special \u00een materialele de opinie, \u015fi  favorizarea  AIE, iar Prime FM a avut un comportament mai echilibrat \u00een  acest sens.<\/p>\n<p><em>3.1 Presa scris\u0103\/Agen\u0163ii de  pres\u0103\/Portaluri web<\/em> Ca \u015fi \u00een  campaniile  electorale precedente, se men\u0163ine divizarea presei \u00een  func\u0163ie de  simpatiile\/antipatiile electorale ale editorilor \u015fi  jurnali\u015ftilor.  Majoritatea institu\u0163iilor mass-media care \u00een alegerile  precedente au  promovat intens Partidul Comuni\u015ftilor (<em>Nezavisimaia  Moldova, Moldova  Suveran\u0103, <\/em><a href=\"http:\/\/www.omg.md\/\"><em>www.omg.md<\/em><\/a>)  fac acela\u015fi lucru \u015fi \u00een  aceast\u0103 campanie, PCRM fiind prezentat doar \u00een  context pozitiv \u00een \u015ftiri  \u015fi materiale de opinie. \u00cen acela\u015fi timp,  oponen\u0163ii politici ai  comuni\u015ftilor \u2013 Alian\u0163a pentru Integrare European\u0103  (AIE) \u00een general \u015fi  partidele PLDM \u015fi PL \u00een particular, sunt  prezenta\u0163i aproape exclusiv \u00een  culori negre, fiind acuza\u0163i de  maladministrare, conflict de interese,  cum\u0103trism \u015fi chiar de \u00eenc\u0103lcare a  legisla\u0163iei \u00een vigoare. Contrar  normelor deontologice, cele mai multe  din materialele care con\u0163in aceste  acuza\u0163ii nu prezint\u0103 \u015fi punctul de  vedere al p\u0103r\u0163ii acuzate. Deseori  aceste institu\u0163ii mass-media citeaz\u0103  surse de informa\u0163ii anonime, fac uz  de limbaj denigrator \u015fi de atac la  persoan\u0103.<\/p>\n<p>Alte institu\u0163ii  mass-media (<em>Timpul<\/em> <em>de diminea\u0163\u0103, Jurnal de  Chi\u015fin\u0103u,  Cuv\u00e2ntul, Gazeta de Sud<\/em>), ca \u015fi \u00een campaniile  electorale  precedente, prezint\u0103 PCRM preponderent \u00een context negativ.  \u00cen acela\u015fi  timp, AIE ca \u015fi alian\u0163\u0103 de guvern\u0103m\u00e2nt apare \u00een aceste ziare  mai mult  favorabil prin \u00eencercarea de a analiza problemele de care se  ciocnesc  guvernan\u0163ii \u015fi a justifica nereu\u015fitele acestora. Din aceea\u015fi  categorie  face parte \u015fi agen\u0163ia de \u015ftiri <em>Moldpres<\/em>.<\/p>\n<p>O a treia  categorie de institu\u0163ii mass-media monitorizate (<em>Evenimentul  Zilei,  Panorama<\/em>, par\u0163ial<em> Komsomolskaia pravda v Moldove<\/em>)   manifest\u0103, din punct de vedere al politicii editoriale \u015fi al  select\u0103rii  \u015ftirilor pentru publicare, o atitudine mai mult sau mai  pu\u0163in critic\u0103  fa\u0163\u0103 de AIE \u015fi fa\u0163\u0103 de unele partide componente ale  Alian\u0163ei \u015fi,  deocamdat\u0103, nu favorizeaz\u0103 direct niciunul dintre ceilal\u0163i  concuren\u0163i  electorali. Ziarul <em>Flux<\/em> prezint\u0103 \u00een context  negativ to\u0163i  concuren\u0163ii electorali principali \u015fi favorizeaz\u0103 Partidul  Popular  Cre\u015ftin-Democrat.<\/p>\n<p>\u00cen prima perioad\u0103 de monitorizare, agen\u0163ia de  \u015ftiri <em>Infotag<\/em> \u015fi  portalul <a href=\"http:\/\/www.unimedia.md\/\"><em>www.unimedia.md<\/em><\/a> au avut un comportament  editorial relativ echilibrat, prezent\u00e2nd  opinii \u015fi pozi\u0163ii diferite ale  partidelor \u00een contextul campaniei  electorale.\u00a0 <em> <\/em><\/p>\n<p><em>Proiectul  \u201eMonitorizarea mass-media \u00een  campania electoral\u0103\u201d se realizeaz\u0103 \u00een  parteneriat cu Asocia\u0163ia Presei  Independente \u015fi Institutul de Marketing  \u015fi Sondaje IMAS-INC Chi\u015fin\u0103u.  Perioada de monitorizare este 28  septembrie\u00a0 \u2013 28 noiembrie 2010.  Rezultatele vor fi f\u0103cute  publice prin rapoarte bilunare, \u00een prima lun\u0103  a monitoriz\u0103rii, apoi prin  rapoarte s\u0103pt\u0103m\u00e2nale.<\/em><\/p>\n<p><em>Proiectul  este sus\u0163inut financiar de  Ambasada Regatului Unit al Marii \u00a0Britanii  \u015fi Irlandei de  Nord \u00een Moldova, de Consiliul Europei \u015fi de <\/em><em>Funda\u0163ia  Est-European\u0103, din  resursele acordate de Agen\u0163ia Suedez\u0103 pentru  Dezvoltare \u015fi Cooperare  Interna\u0163ional\u0103 (Sida\/Asdi), Ministerul  Afacerilor Externe al Danemarcei,  Fondul Na\u0163ional pentru Democra\u0163ie  (NED), Agen\u0163ia Statelor Unite pentru  Dezvoltare Interna\u0163ional\u0103 (USAID),  prin intermediul Funda\u0163iei Eurasia.  Opiniile exprimate apar<\/em><em>\u021b<\/em><em>in  autorilor <\/em><em>\u0219<\/em><em>i nu reflect\u0103 neap\u0103rat  punctul de vedere  al finan\u0163atorilor.<\/em><\/p>","protected":false},"excerpt":{"rendered":"<p>Centrul pentru Jurnalism Independent a lansat la 19 octombrie 2010, \u00een cadrul Coali\u0163iei Civice pentru Alegeri Libere \u015fi Corecte, rezultatele primei etape de monitorizare a modului \u00een care este reflectat\u0103 campania electoral\u0103 pentru alegerile parlamentare anticipate de c\u0103tre principalele mass-media din Republica Moldova. Concluzii generale Posturi radio\/TV: \u00cen perioada 28 septembrie \u2013 10 octombrie 2010, [&hellip;]<\/p>\n","protected":false},"author":2,"featured_media":0,"comment_status":"closed","ping_status":"closed","sticky":false,"template":"","format":"standard","meta":[],"categories":[4,3,1],"tags":[],"_links":{"self":[{"href":"https:\/\/alegeliber.md\/en\/wp-json\/wp\/v2\/posts\/685"}],"collection":[{"href":"https:\/\/alegeliber.md\/en\/wp-json\/wp\/v2\/posts"}],"about":[{"href":"https:\/\/alegeliber.md\/en\/wp-json\/wp\/v2\/types\/post"}],"author":[{"embeddable":true,"href":"https:\/\/alegeliber.md\/en\/wp-json\/wp\/v2\/users\/2"}],"replies":[{"embeddable":true,"href":"https:\/\/alegeliber.md\/en\/wp-json\/wp\/v2\/comments?post=685"}],"version-history":[{"count":0,"href":"https:\/\/alegeliber.md\/en\/wp-json\/wp\/v2\/posts\/685\/revisions"}],"wp:attachment":[{"href":"https:\/\/alegeliber.md\/en\/wp-json\/wp\/v2\/media?parent=685"}],"wp:term":[{"taxonomy":"category","embeddable":true,"href":"https:\/\/alegeliber.md\/en\/wp-json\/wp\/v2\/categories?post=685"},{"taxonomy":"post_tag","embeddable":true,"href":"https:\/\/alegeliber.md\/en\/wp-json\/wp\/v2\/tags?post=685"}],"curies":[{"name":"wp","href":"https:\/\/api.w.org\/{rel}","templated":true}]}}