{"id":705,"date":"2010-10-26T11:20:23","date_gmt":"2010-10-26T11:20:23","guid":{"rendered":"http:\/\/alegeliber.md\/?p=705"},"modified":"2010-10-26T11:32:01","modified_gmt":"2010-10-26T11:32:01","slug":"raportul-apel-nr-1-de-monitorizare-a-pluralismului-politic-in-programele-de-%c8%99tiri-%c8%99i-actualita%c8%9bi-ale-ipna-teleradio-moldova-%c8%99i-ipra-teleradio-gagauzia-in-cadrul-campaniei","status":"publish","type":"post","link":"https:\/\/alegeliber.md\/en\/raportul-apel-nr-1-de-monitorizare-a-pluralismului-politic-in-programele-de-%c8%99tiri-%c8%99i-actualita%c8%9bi-ale-ipna-teleradio-moldova-%c8%99i-ipra-teleradio-gagauzia-in-cadrul-campaniei-705.html","title":{"rendered":"APEL a lansat primul raport de monitorizare a pluralismului politic \u00een programele de \u0219tiri \u0219i actualit\u0103\u021bi ale IPNA &#8220;Teleradio-Moldova&#8221; \u0219i IPRA &#8220;Teleradio-G\u0103g\u0103uzia&#8221; \u00een cadrul campaniei electorale pentru alegerile parlamentare anticipate din 28 noiembrie 2010"},"content":{"rendered":"<p><\/p>\n<p><a href=\"http:\/\/apel.md\/\"><img loading=\"lazy\" class=\"alignleft size-medium wp-image-711\" title=\"conferinta apel\" src=\"https:\/\/alegeliber.md\/wp-content\/uploads\/2010\/10\/conferinta-apel-200x150.jpg\" alt=\"\" width=\"200\" height=\"150\" srcset=\"https:\/\/alegeliber.md\/wp-content\/uploads\/2010\/10\/conferinta-apel-200x150.jpg 200w, https:\/\/alegeliber.md\/wp-content\/uploads\/2010\/10\/conferinta-apel-100x75.jpg 100w, https:\/\/alegeliber.md\/wp-content\/uploads\/2010\/10\/conferinta-apel.jpg 409w\" sizes=\"(max-width: 200px) 100vw, 200px\" \/><\/a>Asocia\u021bia Presei Electronice a prezentat ast\u0103zi, 26 octombrie 2010  rezultatele monitoriz\u0103rii pluralismului politic \u00een programele de \u0219tiri  \u0219i actualit\u0103\u021bi ale IPNA &#8220;Teleradio-Moldova&#8221; \u0219i IPRA  &#8220;Teleradio-G\u0103g\u0103uzia&#8221;. Acest raport de monitorizare a cuprins perioada 7  septembrie \u2013 15 octombrie 2010 fiind primul raport de monitorizare al  APEL \u00een cadrul campaniei electorale pentru alegerile parlamentare  anticipate din 28 noiembrie 2010. Proiectul este realizat \u00een cadrul  Coali\u021biei pentru Alegeri  Libere \u015fi  Corecte cu suportul Programului   Mass-Media al  Funda\u0163iei Soros-Moldova.<\/p>\n<p><em><strong>Principalele constat\u0103ri \u0219i concluzii:<\/strong><\/em><\/p>\n<p>Radiodifuzorul  public na\u0163ional Compania \u201eTeleradio-Moldova\u201d, \u00een  programelede \u015ftiri \u015fi  actualit\u0103\u0163i, asigur\u0103 pluralismul politic \u00een  m\u0103sur\u0103 mai mare  dec\u00e2t radiodifuzorul public regional Compania  \u201eTeleradio-G\u0103g\u0103uzia\u201d. \u0218tirile  de la Tv Moldova 1 au vizat 20 de  forma\u0163iuni politice, iar cele de la Tv  G\u0103g\u0103uzia \u2013 7. Radio Moldova s-a  referit \u00een edi\u0163iile de actualit\u0103\u0163i la 24  de forma\u0163iuni politice, \u00een  timp ce Radio G\u0103g\u0103uzia \u2013 la 6.<\/p>\n<p>Ca  frecven\u0163\u0103 \u015fi ca durat\u0103 \u00een \u0219tirile politice de la  Teleradio-Moldova \u015fi  Radio G\u0103g\u0103uzia pe primele pozi\u021bii se situeaz\u0103 cele  5 partide  parlamentare. La Tv G\u0103g\u0103uzia dou\u0103 partide parlamentare \u2013 PL  \u015fi PLDM ocup\u0103  ultimele pozi\u0163ii. Televiziunea public\u0103 regional\u0103 a  acordat principalului  partid de opozi\u0163ie \u2013 PCRM \u2013 un volum de timp mai  mare dec\u00e2t celorlaltor  partide luate \u00eempreun\u0103.<\/p>\n<p>\u00cen  top 10 al politicienilor cu cea mai mare vizibilitate \u00een edi\u0163iile   informative ale radiodifuzorului public na\u0163ional se reg\u0103sesc   reprezentan\u0163i ai 8-9 partide. \u00cen majoritatea cov\u00e2r\u015fitoare a cazurilor  actorii politici au fost plasa\u0163i \u00een \u015ftiri \u00een context neutru.<\/p>\n<p>Rezultatele  monitoriz\u0103rii APEL arat\u0103 c\u0103 radiodifuzorii publici au  realizat \u015ftirile  conflictuale, \u00een temei, conform rigorilor  profesionale, dar au abordat dispropor\u0163ionat categoriile de  protagoni\u015fti, d\u00e2nd prioritate politicienilor \u015fi func\u0163ionarilor de stat.  Categoriile <em>exper\u0163i <\/em>\u015fi <em>cet\u0103\u0163eni, <\/em>la fel<em> <\/em>\u015fi categoria<em> femei, <\/em>de\u0163in o cot\u0103 insignifiant\u0103 \u00een cadrul \u015ftirilor politice.<\/p>\n<p>Raportul integral al APEL poate fi g\u0103sit anexat mai jos.<\/p>\n<p><\/p>","protected":false},"excerpt":{"rendered":"<p>Asocia\u021bia Presei Electronice a prezentat ast\u0103zi, 26 octombrie 2010 rezultatele monitoriz\u0103rii pluralismului politic \u00een programele de \u0219tiri \u0219i actualit\u0103\u021bi ale IPNA &#8220;Teleradio-Moldova&#8221; \u0219i IPRA &#8220;Teleradio-G\u0103g\u0103uzia&#8221;. Acest raport de monitorizare a cuprins perioada 7 septembrie \u2013 15 octombrie 2010 fiind primul raport de monitorizare al APEL \u00een cadrul campaniei electorale pentru alegerile parlamentare anticipate din 28 [&hellip;]<\/p>\n","protected":false},"author":2,"featured_media":0,"comment_status":"closed","ping_status":"closed","sticky":false,"template":"","format":"standard","meta":[],"categories":[4,3,1],"tags":[],"_links":{"self":[{"href":"https:\/\/alegeliber.md\/en\/wp-json\/wp\/v2\/posts\/705"}],"collection":[{"href":"https:\/\/alegeliber.md\/en\/wp-json\/wp\/v2\/posts"}],"about":[{"href":"https:\/\/alegeliber.md\/en\/wp-json\/wp\/v2\/types\/post"}],"author":[{"embeddable":true,"href":"https:\/\/alegeliber.md\/en\/wp-json\/wp\/v2\/users\/2"}],"replies":[{"embeddable":true,"href":"https:\/\/alegeliber.md\/en\/wp-json\/wp\/v2\/comments?post=705"}],"version-history":[{"count":0,"href":"https:\/\/alegeliber.md\/en\/wp-json\/wp\/v2\/posts\/705\/revisions"}],"wp:attachment":[{"href":"https:\/\/alegeliber.md\/en\/wp-json\/wp\/v2\/media?parent=705"}],"wp:term":[{"taxonomy":"category","embeddable":true,"href":"https:\/\/alegeliber.md\/en\/wp-json\/wp\/v2\/categories?post=705"},{"taxonomy":"post_tag","embeddable":true,"href":"https:\/\/alegeliber.md\/en\/wp-json\/wp\/v2\/tags?post=705"}],"curies":[{"name":"wp","href":"https:\/\/api.w.org\/{rel}","templated":true}]}}