{"id":247,"date":"2010-09-04T10:55:09","date_gmt":"2010-09-04T10:55:09","guid":{"rendered":"http:\/\/alegeliber.md\/?p=247"},"modified":"2010-09-05T09:27:38","modified_gmt":"2010-09-05T09:27:38","slug":"funda%c8%9bia-est%e2%80%93europeana","status":"publish","type":"post","link":"https:\/\/alegeliber.md\/ru\/funda%c8%9bia-est%e2%80%93europeana-247.html","title":{"rendered":"(Rom\u00e2n\u0103) Funda\u021bia Est\u2013European\u0103"},"content":{"rendered":"<p class=\"qtranxs-available-languages-message qtranxs-available-languages-message-ru\">\u041d\u0435 \u043d\u0430\u0439\u0434\u0435\u043d\u043d\u043e For the sake of viewer convenience, the content is shown below in this site default language. You may click one of the links to switch the site language to another available language.<\/p><p><a href=\"http:\/\/eef.md\/\"><\/a><a href=\"http:\/\/eef.md\/\"><img loading=\"lazy\" class=\"alignleft size-full wp-image-542\" title=\"eef\" src=\"https:\/\/alegeliber.md\/wp-content\/uploads\/2010\/09\/eef.jpg\" alt=\"\" width=\"155\" height=\"152\" srcset=\"https:\/\/alegeliber.md\/wp-content\/uploads\/2010\/09\/eef.jpg 155w, https:\/\/alegeliber.md\/wp-content\/uploads\/2010\/09\/eef-100x98.jpg 100w\" sizes=\"(max-width: 155px) 100vw, 155px\" \/><\/a>Misiunea Funda\u0163iei Est-Europeane este abilitarea cet\u0103\u0163enilor  Republicii Moldova cu capacit\u0103\u0163i \u015fi mijloace pentru asigurarea  dezvolt\u0103rii durabile, prin programe de educa\u0163ie \u015fi asisten\u0163\u0103 tehnic\u0103  care promoveaz\u0103 democra\u0163ia, buna guvernare \u015fi prosperitatea economic\u0103.<\/p>\n<p>\u00cen activitatea sa programatic\u0103 \u015fi institu\u0163ional\u0103, Funda\u0163ia Est-European\u0103 este ghidat\u0103 de urm\u0103toarele principii:\u00a0<strong><br \/>\n<\/strong><\/p>\n<ul>\n<li>Funda\u0163ia va fi receptiva la nevoile si provocarile din societatea si economia din Moldova.<\/li>\n<li>Funda\u0163ia  va favoriza schimb\u0103ri in comunit\u0103\u0163i prin cele mai bune practici de  dezvoltare durabila si va face eforturi de a actiona in interesul  cetatenilor din Moldova.<\/li>\n<li>Funda\u0163ia consider\u0103 c\u0103 reprezentan\u0163ii  comunit\u0103\u0163ii \u015fi alte p\u0103r\u0163i interesate trebuie sa fie respecta\u0163i in  calitate de parteneri si colegi in atingerea misiunii sale.<\/li>\n<li>Funda\u0163ia  va promova si facilita cooperarea dintre societatea civila, guvern si  sectorul privat \u00een cadrul comunit\u0103\u0163ilor cu scopul de a asigura  durabilitatea eforturilor comune de dezvoltare.<\/li>\n<li>Funda\u0163ia va m\u0103sura  succesul programelor prin evaluarea impactului evident pe care il au  acestea si schimbarea semnificativ\u0103 pe care o va aduce in via\u0163a  cet\u0103\u0163enilor.<\/li>\n<li>Funda\u0163ia va respecta si va sustine diversitatea in  r\u00e2ndurile angaja\u0163ilor, partenerilor \u015fi \u00een cadrul comunit\u0103\u0163ilor \u00een care  activeaz\u0103 f\u0103r\u0103 discriminare, indiferent de rasa, etnie, sex, orientare  sexuala, religie, v\u00e2rst\u0103, dezabilitate sau afiliere politic\u0103.<\/li>\n<li>Funda\u0163ia va practica o buna gestiune a fondurilor si proiectelor pentru care vom fi responsabili.<\/li>\n<\/ul>\n<p>\u00cen realizarea obiectivelor sale Funda\u0163ia Est-European\u0103 va respecta principiile de egalitate \u015fi nediscriminare.<\/p>\n<p>Pentru mai multe informa\u021bii pute\u021bi accesa <a href=\"http:\/\/www.eurasia.md\/\">http:\/\/eef.md<\/a><\/p>","protected":false},"excerpt":{"rendered":"<p>\u041d\u0435 \u043d\u0430\u0439\u0434\u0435\u043d\u043d\u043e For the sake of viewer convenience, the content is shown below in this site default language. You may click one of the links to switch the site language to another available language.Misiunea Funda\u0163iei Est-Europeane este abilitarea cet\u0103\u0163enilor Republicii Moldova cu capacit\u0103\u0163i \u015fi mijloace pentru asigurarea dezvolt\u0103rii durabile, prin programe de educa\u0163ie \u015fi asisten\u0163\u0103 [&hellip;]<\/p>\n","protected":false},"author":8,"featured_media":0,"comment_status":"closed","ping_status":"closed","sticky":false,"template":"","format":"standard","meta":[],"categories":[42],"tags":[],"_links":{"self":[{"href":"https:\/\/alegeliber.md\/ru\/wp-json\/wp\/v2\/posts\/247"}],"collection":[{"href":"https:\/\/alegeliber.md\/ru\/wp-json\/wp\/v2\/posts"}],"about":[{"href":"https:\/\/alegeliber.md\/ru\/wp-json\/wp\/v2\/types\/post"}],"author":[{"embeddable":true,"href":"https:\/\/alegeliber.md\/ru\/wp-json\/wp\/v2\/users\/8"}],"replies":[{"embeddable":true,"href":"https:\/\/alegeliber.md\/ru\/wp-json\/wp\/v2\/comments?post=247"}],"version-history":[{"count":0,"href":"https:\/\/alegeliber.md\/ru\/wp-json\/wp\/v2\/posts\/247\/revisions"}],"wp:attachment":[{"href":"https:\/\/alegeliber.md\/ru\/wp-json\/wp\/v2\/media?parent=247"}],"wp:term":[{"taxonomy":"category","embeddable":true,"href":"https:\/\/alegeliber.md\/ru\/wp-json\/wp\/v2\/categories?post=247"},{"taxonomy":"post_tag","embeddable":true,"href":"https:\/\/alegeliber.md\/ru\/wp-json\/wp\/v2\/tags?post=247"}],"curies":[{"name":"wp","href":"https:\/\/api.w.org\/{rel}","templated":true}]}}