{"id":2845,"date":"2019-10-08T14:05:55","date_gmt":"2019-10-08T11:05:55","guid":{"rendered":"http:\/\/alegeliber.md\/?p=2845"},"modified":"2019-10-08T14:05:55","modified_gmt":"2019-10-08T11:05:55","slug":"raport-nr-1-de-monitorizare-a-mass-mediei-in-campania-electorala-pentru-alegerile-locale-generale-2019","status":"publish","type":"post","link":"https:\/\/alegeliber.md\/ru\/raport-nr-1-de-monitorizare-a-mass-mediei-in-campania-electorala-pentru-alegerile-locale-generale-2019-2845.html","title":{"rendered":"(Rom\u00e2n\u0103) RAPORT NR.1 DE MONITORIZARE A MASS MEDIEI \u00ceN CAMPANIA ELECTORAL\u0102 PENTRU ALEGERILE LOCALE GENERALE 2019"},"content":{"rendered":"<p class=\"qtranxs-available-languages-message qtranxs-available-languages-message-ru\">\u041d\u0435 \u043d\u0430\u0439\u0434\u0435\u043d\u043d\u043e For the sake of viewer convenience, the content is shown below in the alternative language. You may click the link to switch the active language.<\/p><p>Centrul pentru Jurnalism Independent a prezentat primul\u00a0<strong><a href=\"http:\/\/media-azi.md\/ro\/publicatii\/monitorizarea-mass-mediei-%C3%AEn-campania-electoral%C4%83-pentru-alegerile-locale-generale-din-20\">raport de monitorizare a comportamentului mass media \u00een campania electoral\u0103 pentru alegerile locale generale din 20 octombrie 2019.<\/a><\/strong>\u00a0Acesta con\u021bine date din monitorizarea a 10 posturi TV \u00een perioada 20-27 septembrie 2019, \u0219i constat\u0103 faptul c\u0103 majoritatea posturilor de televiziune monitorizate au reflectat neutru campania electoral\u0103, dar c\u00e2teva dintre acestea au demonstrat partizanat politic, favoriz\u00e2nd sau defavoriz\u00e2nd anumi\u021bi concuren\u021bi electorali, sau limit\u00e2ndu-se la o singur\u0103 surs\u0103 de informa\u021bie.<\/p>\n<p>Astfel, \u00een perioada de raport, Televiziunea Central\u0103 a favorizat reprezentan\u021bii Partidului Politic \u0218or; radiodifuzorii na\u021bionali Prime TV \u0219i Publika TV l-au defavorizat pe candidatul ACUM\/PAS\/PPDA Andrei N\u0103stase, prin selec\u021bia contextului negativ al \u0219tirilor care \u00eel vizeaz\u0103; NTV Moldova \u0219i Accent TV l-au promovat masiv pe candidatul PSRM Ion Ceban.<\/p>\n<p>\u201e\u00cen temeiul\u00a0 art. 83 alin. (3) al Codului serviciilor media audiovizuale, solicit\u0103m CA s\u0103 ini\u021bieze procedura de monitorizare \u00een campania electoral\u0103 a radiodifuzorilor NTV Moldova, Accent TV, Televiziunea Central\u0103 pentru a analiza modul \u00een care ace\u0219tia respect\u0103 prevederile legale cu privire la asigurarea inform\u0103rii corecte (art.13, Codul serviciilor media audiovizuale)\u201d, se men\u021bioneaz\u0103 \u00een sesizarea CJI adresat\u0103 CA.<\/p>\n<p>CJI va prezenta s\u0103pt\u0103m\u00e2nal, \u00een perioada 20 septembrie \u2013 19 octombrie, rapoarte de monitorizare privind comportamentul celor zece posturi tv \u00een campania electoral\u0103 \u0219i va sesiza CA \u00een toate cazurile \u00een care va depista \u00eenc\u0103lc\u0103ri serioase din partea acestora.<\/p>\n<p>Reamintim c\u0103\u00a0<strong><a href=\"http:\/\/media-azi.md\/ro\/stiri\/posturile-publice-moldova-1-%C8%99i-moldova-2-%C8%99i-televiziunile-afiliate-lui-plahotniuc-%E2%80%93-prime-%C8%99i\">CA<\/a><\/strong>\u00a0a anun\u021bat c\u0103 va monitoriza \u00een actuala campanie electoral\u0103 doar \u0219ase furnizori de servicii media audiovizuale &#8212; posturile de televiziune Moldova 1, Moldova 2, Prime TV, Canal 2 \u0219i posturile de radio &#8212; Radio Moldova \u0219i Radio Moldova Tineret \u00een baza art. 70 a. 12 (Codul electoral).<\/p>\n<p>Unii\u00a0<strong><a href=\"http:\/\/media-azi.md\/ro\/stiri\/%E2%80%9Eca-trece-dintr-o-%E2%80%9Em%C3%A2na-politic%C4%83-democrat%C4%83%E2%80%9D-%C3%AEn-%E2%80%9Ealta-socialist%C4%83%E2%80%9D%E2%80%9D-cum-este-comentat%C4%83-decizia\">exper\u021bi media<\/a><\/strong>\u00a0consider\u0103 c\u0103, prin decizia de a reduce num\u0103rul de posturi monitorizate, autoritatea de reglementare \u00een domeniul audiovizual ar proteja anumi\u021bi radiodifuzori afilia\u021bi PSRM, partid, care se afl\u0103 \u00een prezent la guvernare.<\/p>","protected":false},"excerpt":{"rendered":"<p>\u041d\u0435 \u043d\u0430\u0439\u0434\u0435\u043d\u043d\u043e For the sake of viewer convenience, the content is shown below in the alternative language. You may click the link to switch the active language.Centrul pentru Jurnalism Independent a prezentat primul\u00a0raport de monitorizare a comportamentului mass media \u00een campania electoral\u0103 pentru alegerile locale generale din 20 octombrie 2019.\u00a0Acesta con\u021bine date din monitorizarea a [&hellip;]<\/p>\n","protected":false},"author":8,"featured_media":0,"comment_status":"closed","ping_status":"closed","sticky":false,"template":"","format":"standard","meta":[],"categories":[72,67,1,30],"tags":[],"_links":{"self":[{"href":"https:\/\/alegeliber.md\/ru\/wp-json\/wp\/v2\/posts\/2845"}],"collection":[{"href":"https:\/\/alegeliber.md\/ru\/wp-json\/wp\/v2\/posts"}],"about":[{"href":"https:\/\/alegeliber.md\/ru\/wp-json\/wp\/v2\/types\/post"}],"author":[{"embeddable":true,"href":"https:\/\/alegeliber.md\/ru\/wp-json\/wp\/v2\/users\/8"}],"replies":[{"embeddable":true,"href":"https:\/\/alegeliber.md\/ru\/wp-json\/wp\/v2\/comments?post=2845"}],"version-history":[{"count":1,"href":"https:\/\/alegeliber.md\/ru\/wp-json\/wp\/v2\/posts\/2845\/revisions"}],"predecessor-version":[{"id":2846,"href":"https:\/\/alegeliber.md\/ru\/wp-json\/wp\/v2\/posts\/2845\/revisions\/2846"}],"wp:attachment":[{"href":"https:\/\/alegeliber.md\/ru\/wp-json\/wp\/v2\/media?parent=2845"}],"wp:term":[{"taxonomy":"category","embeddable":true,"href":"https:\/\/alegeliber.md\/ru\/wp-json\/wp\/v2\/categories?post=2845"},{"taxonomy":"post_tag","embeddable":true,"href":"https:\/\/alegeliber.md\/ru\/wp-json\/wp\/v2\/tags?post=2845"}],"curies":[{"name":"wp","href":"https:\/\/api.w.org\/{rel}","templated":true}]}}