{"id":2931,"date":"2019-12-19T11:50:09","date_gmt":"2019-12-19T09:50:09","guid":{"rendered":"http:\/\/alegeliber.md\/?p=2931"},"modified":"2019-12-23T12:56:49","modified_gmt":"2019-12-23T10:56:49","slug":"apel-necesitatea-urgentarii-stabilirii-datei-alegerilor-parlamentare-noi-in-c-u-38-hincesti","status":"publish","type":"post","link":"https:\/\/alegeliber.md\/ru\/apel-necesitatea-urgentarii-stabilirii-datei-alegerilor-parlamentare-noi-in-c-u-38-hincesti-2931.html","title":{"rendered":"APEL NECESITATEA URGENT\u0102RII STABILIRII DATEI ALEGERILOR PARLAMENTARE NOI \u00ceN C.U. 38 H\u00ceNCE\u0218TI"},"content":{"rendered":"<p class=\"qtranxs-available-languages-message qtranxs-available-languages-message-ru\">\u041d\u0435 \u043d\u0430\u0439\u0434\u0435\u043d\u043d\u043e For the sake of viewer convenience, the content is shown below in this site default language. You may click one of the links to switch the site language to another available language.<\/p><p>Noi, Organiza\u021biile semnatare, membre ale Coali\u021biei civice pentru Alegeri Libere \u0219i Corecte,<\/p>\n<ul>\n<li><em>exprim\u0103m \u00eengrijorarea privind ignorarea de c\u0103tre Comisia Electoral\u0103 Central\u0103 a atribu\u021biilor sale pe subiectul stabilirii datei alegerilor parlamentare noi,<\/em><\/li>\n<li><em>dezaprob\u0103m tergiversarea adopt\u0103rii de c\u0103tre Parlament a Hot\u0103r\u00e2rii privind demisia deputatului Alexandru Botnari<\/em> <em>ales \u00een circumscrip\u021bia uninominal\u0103 nr. 38, \u00een termenul prescris de 30 de zile, \u00eens\u0103 avem certitudinea c\u0103 acest fapt nu poate stopa procedurile demarate de drept, <\/em><\/li>\n<li><em>atragem aten\u021bia asupra necesit\u0103\u021bii asigur\u0103rii previzibilit\u0103\u021bii procesului electoral at\u00e2t pentru aleg\u0103tori c\u00e2t \u0219i pentru poten\u021biali concuren\u021bi electorali, dar \u0219i excluderii vulnerabilit\u0103\u021bilor generate de incertitudini de ordin politic conjunctural,<\/em><\/li>\n<li><em>consider\u0103m c\u0103 to\u021bi actorii procesului electoral (cet\u0103\u021beni, poten\u021biali concuren\u021bi, organele electorale, observatorii civici) sunt \u00een drept de a dispune de \u0219anse egale \u0219i timp suficient \u00een preg\u0103tirea eventualei implic\u0103ri,<\/em><\/li>\n<li><em>insist\u0103m ca membrii CEC, \u00een mod urgent, s\u0103 se \u00eentruneasc\u0103 \u0219i s\u0103 stabileasc\u0103 data desf\u0103\u0219ur\u0103rii alegerilor parlamentare noi \u00een circumscrip\u021bia uninominal\u0103 nr. 38 \u00een limita termenelor stabilite de lege, adic\u0103 5 februarie \u2013 5 martie 2020.<\/em><\/li>\n<\/ul>\n<p>Amintim c\u0103 potrivit art. VI din Legea nr. 113 din 15.08.2019 pentru modificarea unor acte legislative, \u00een cazul \u00een care mandatul unui deputat ales \u00eentr-o circumscrip\u021bie uninominal\u0103 se declar\u0103 vacant cu cel pu\u021bin 180 de zile p\u00e2n\u0103 la expirarea mandatului Parlamentului de legislatura a X-a, se vor organiza alegeri parlamentare par\u021biale, care se vor desf\u0103\u0219ura \u00een conformitate cu legisla\u021bia \u00een vigoare p\u00e2n\u0103 la data adopt\u0103rii prezentei legi.<\/p>\n<p>\u00cen acest sens, art. 105, alin. (1) din Codul electoral (varianta p\u00e2n\u0103 la adoptarea modific\u0103rilor), stabile\u0219te c\u0103 dac\u0103 func\u021bia de deputat a devenit vacant\u0103, CEC stabile\u0219te data desf\u0103\u0219ur\u0103rii alegerilor noi. Alegerile trebuie s\u0103 aib\u0103 loc peste cel pu\u021bin 60 de zile de la data c\u00e2nd alegerile sunt declarate nule, dar nu mai t\u00e2rziu dec\u00e2t peste trei luni de la aceast\u0103 dat\u0103. Totodat\u0103, potrivit art. 2, alin. (7) din Legea nr. 39 din 07.04.1994 despre statutul deputatului \u00een Parlament, \u00een caz de demisie, de ridicare a mandatului, de incompatibilitate sau de deces, intervine vacan\u021ba mandatului de deputat.<\/p>\n<p>Potrivit pct. 80-83 din Hot\u0103r\u00e2rea Cur\u021bii Constitu\u021bionale nr. 21 din 24 iunie 2015, \u00een cazul prezent\u0103rii cererii de <em>demisie din func\u021bia de deputat<\/em> de c\u0103tre deputatul aflat \u00een situa\u021bia de incompatibilitate, mandatul de deputat \u00eenceteaz\u0103 \u00een momentul depunerii cererii, iar Parlamentul urmeaz\u0103 s\u0103 ac\u021bioneze cu celeritate, pentru a respecta prevederile legale. Demisia deputatului genereaz\u0103 un ansamblu de proceduri, formate din c\u00e2teva etape consecutive, care presupun un \u0219ir de ac\u021biuni \u00eentreprinse at\u00e2t de deputatul aflat \u00een situa\u021bia de incompatibilitate, c\u00e2t \u0219i de Parlament, CEC, Curtea Constitu\u021bional\u0103:<\/p>\n<ul>\n<li>prezentarea cererii de demisie a deputatului Pre\u0219edintelui Parlamentului;<\/li>\n<li>luare de act de cererea de demisie \u0219i declararea mandatului vacant de c\u0103tre Parlament;<\/li>\n<\/ul>\n<p>Pentru deputa\u021bii ale\u0219i pe circumscrip\u021bii uninominale:<\/p>\n<p>1) stabilirea datei alegerilor noi (par\u021biale) \u00een circumscrip\u021biile uninominale respective.<\/p>\n<p>Curtea Constitu\u021bional\u0103 a men\u021bionat la pct. 88 c\u0103 toate procedurile legate de incompatibilit\u0103\u021bile deputa\u021bilor urmeaz\u0103 s\u0103 se finalizeze \u00een cadrul celor 30 de zile prev\u0103zute de lege c\u00e2nd survine incompatibilitatea, \u00een caz contrar, dup\u0103 termenul de 30 de zile, mandatul deputatului \u00eenceteaz\u0103 de drept, f\u0103r\u0103 a fi necesare alte condi\u021bii de form\u0103.<\/p>\n<p>Lu\u00e2nd \u00een considerare faptul c\u0103 deputatul Alexandru Botnari, a fost ales primar al municipiului H\u00eence\u0219ti \u00een urma turului doi a alegerilor locale din 3 noiembrie 2019, iar mandatul s\u0103u a fost validat de c\u0103tre judec\u0103toria H\u00eence\u0219ti la 5 noiembrie 2019<a href=\"#_ftn1\" name=\"_ftnref1\">[1]<\/a>. \u00cen continuare, Alexandru Botnari, a depus cererea de demisie din func\u021bia de deputat \u00een data de 5 decembrie 2019, adic\u0103 \u00een ultima zi prev\u0103zut\u0103 de lege.<\/p>\n<p>Potrivit pct. 98-99 din Hot\u0103r\u00e2rea Cur\u021bii Constitu\u021bionale nr. 21 din 24 iunie 2015 situa\u021bia de incompatibilitate pentru deputa\u021bii afla\u021bi \u00een exerci\u021biul func\u021biei apare din momentul intr\u0103rii \u00een exerci\u021biul unei alte func\u021bii retribuite sau al survenirii altor situa\u021bii de incompatibilitate, \u00een condi\u021biile legii- \u00een cazul de fa\u021b\u0103- la data valid\u0103rii mandatului de primar. De la data apari\u021biei situa\u021biei de incompatibilitate, \u00een termenul instituit de lege- 30 de zile, deputatul va opta \u00eentre mandatul de parlamentar \u0219i alt\u0103 func\u021bie, av\u00e2nd op\u0163iunea de a demisiona din una din func\u021bii.<\/p>\n<p>\u00cen consecin\u021b\u0103, potrivit explica\u021biilor Cur\u021bii Constitu\u021bionale, men\u021bionate \u00een Hot\u0103r\u00e2rea nr. 21 din 24 iunie 2015, suntem de p\u0103rere c\u0103 mandatul deputatului a \u00eencetat de drept la 5 decembrie 2019, f\u0103r\u0103 a fi necesare alte condi\u021bii de form\u0103. Toate procedurile legate de incompatibilitatea domnului Alexandru Botnari urmau s\u0103 se finalizeze \u00een cadrul celor 30 de zile, termen care a expirat la 5 decembrie 2019 .<\/p>\n<p>Mai mult dec\u00e2t at\u00e2t, <em>av\u00e2nd la baz\u0103 precedentul regretabil cu privire la stabilirea \u00eent\u00e2rziat\u0103 a datei alegerilor parlamentare noi din 20 octombrie 2019<a href=\"#_ftn2\" name=\"_ftnref2\"><strong>[2]<\/strong><\/a>, avem suspiciuni rezonabile, c\u0103 at\u00e2t CEC, c\u00e2t \u0219i Parlamentul Republicii Moldova tergiverseaz\u0103 nejustificat stabilirea alegerilor parlamentare noi pentru circumscrip\u021bia uninominal\u0103 nr. 38.<\/em><\/p>\n<p>Astfel, pornind de la faptul c\u0103 mandatul deputatului Alexandru Botnari a \u00eencetat de drept la 5 decembrie 2019, potrivit art. 105 din Codul electoral (varianta p\u00e2n\u0103 la modificare) \u0219i alin. (12) al art. 2 din Legea despre statutul deputatului \u00een Parlament, din oficiu, Comisia Electoral\u0103 Central\u0103 trebuie s\u0103 stabileasc\u0103 data alegerilor parlamentare noi \u00een intervalul 5 februarie 2020 \u2013 5 martie 2020.<\/p>\n<p>\u00cen contextul celor expuse Organiza\u021biile semnatare solicit\u0103 Comisiei Electorale Centrale:<\/p>\n<ul>\n<li>s\u0103 se convoace \u00een mod urgent \u0219i s\u0103 dezbat\u0103 subiectul stabilirii datei alegerilor parlamentare noi din circumscrip\u021bia uninominal\u0103 nr. 38;<\/li>\n<li>s\u0103 stabileasc\u0103 data alegerilor parlamentare noi \u00een intervalul prev\u0103zut de lege, adic\u0103 5 februarie 2020 \u2013 5 martie 2020.<\/li>\n<\/ul>\n<p><a href=\"#_ftnref1\" name=\"_ftn1\">[1]<\/a> Hot\u0103r\u00e2rea Judec\u0103toriei H\u00eence\u0219ti (sediul Ialoveni) din 5 noiembrie 2019, vezi: <\/p>\n<p><a href=\"#_ftnref2\" name=\"_ftn2\">[2]<\/a> Raportul nr. 1 Misiunea de observare Promo-LEX a alegerilor locale generale \u0219i parlamentare noi din 20 octombrie 2019, p. 15-16. <\/p>\n<p><a href=\"http:\/\/alegeliber.md\/wp-content\/uploads\/2019\/12\/Apel_public_Data_alegeri_CU38.pdf\">Apel_public_Data_alegeri_CU38<\/a><\/p>","protected":false},"excerpt":{"rendered":"<p class=\"qtranxs-available-languages-message qtranxs-available-languages-message-ru\">\u041d\u0435 \u043d\u0430\u0439\u0434\u0435\u043d\u043d\u043e For the sake of viewer convenience, the content is shown below in this site default language. You may click one of the links to switch the site language to another available language.<\/p>\n<p>Noi, Organiza\u021biile semnatare, membre ale Coali\u021biei civice pentru Alegeri Libere \u0219i Corecte, ne exprim\u0103m \u00eengrijorarea privind ignorarea de c\u0103tre CEC a atribu\u021biilor sale pe subiectul stabilirii datei alegerilor parlamentare noi.<\/p>\n","protected":false},"author":8,"featured_media":0,"comment_status":"closed","ping_status":"closed","sticky":false,"template":"","format":"standard","meta":[],"categories":[62,4,26,68,1,30],"tags":[],"_links":{"self":[{"href":"https:\/\/alegeliber.md\/ru\/wp-json\/wp\/v2\/posts\/2931"}],"collection":[{"href":"https:\/\/alegeliber.md\/ru\/wp-json\/wp\/v2\/posts"}],"about":[{"href":"https:\/\/alegeliber.md\/ru\/wp-json\/wp\/v2\/types\/post"}],"author":[{"embeddable":true,"href":"https:\/\/alegeliber.md\/ru\/wp-json\/wp\/v2\/users\/8"}],"replies":[{"embeddable":true,"href":"https:\/\/alegeliber.md\/ru\/wp-json\/wp\/v2\/comments?post=2931"}],"version-history":[{"count":3,"href":"https:\/\/alegeliber.md\/ru\/wp-json\/wp\/v2\/posts\/2931\/revisions"}],"predecessor-version":[{"id":2936,"href":"https:\/\/alegeliber.md\/ru\/wp-json\/wp\/v2\/posts\/2931\/revisions\/2936"}],"wp:attachment":[{"href":"https:\/\/alegeliber.md\/ru\/wp-json\/wp\/v2\/media?parent=2931"}],"wp:term":[{"taxonomy":"category","embeddable":true,"href":"https:\/\/alegeliber.md\/ru\/wp-json\/wp\/v2\/categories?post=2931"},{"taxonomy":"post_tag","embeddable":true,"href":"https:\/\/alegeliber.md\/ru\/wp-json\/wp\/v2\/tags?post=2931"}],"curies":[{"name":"wp","href":"https:\/\/api.w.org\/{rel}","templated":true}]}}