{"id":32,"date":"2009-05-01T13:41:29","date_gmt":"2009-05-01T13:41:29","guid":{"rendered":""},"modified":"2011-04-09T17:42:35","modified_gmt":"2011-04-09T17:42:35","slug":"nereguliziuaalegerilor","status":"publish","type":"post","link":"https:\/\/alegeliber.md\/ru\/nereguliziuaalegerilor-32.html","title":{"rendered":"VOTAREA LA DISCRE\u0162IA PRE\u015eEDIN\u0162ILOR BIROURILOR ELECTORALE"},"content":{"rendered":"<p class=\"qtranxs-available-languages-message qtranxs-available-languages-message-ru\">\u041d\u0435 \u043d\u0430\u0439\u0434\u0435\u043d\u043d\u043e For the sake of viewer convenience, the content is shown below in this site default language. You may click one of the links to switch the site language to another available language.<\/p><p><span style=\"color: #000000;\"><strong>VOTAREA LA DISCRE\u0162IA PRE\u015eEDIN\u0162ILOR BIROURILOR ELECTORALE<\/strong><\/span><\/p>\n<p><span style=\"color: #000000;\"><strong>Chisinau, 5 aprilie 2009<\/strong> &#8212; Coali\u0163ia Civic\u0103 pentru Alegeri Libere \u015fi Corecte &#8212; \u201eCoali\u0163ia 2009\u201d, prin intermediul organiza\u0163iilor membre, observ\u0103 derularea alegerilor pentru desemnarea reprezentan\u021bilor \u00een Parlamentul Republicii Moldova din 5 aprilie 2009. \u00cen acest comunicat sunt prezentate problemele \u00eenregistrate \u00eentre orele 15:00 \u015fi 20:00.<\/span><span style=\"color: #000000;\"> <\/span><\/p>\n<p><span style=\"color: #000000;\"><strong><br \/>\n<!--more--> <\/strong><\/span><\/p>\n<p><span style=\"color: #000000;\"><strong><span style=\"color: #000000;\"><strong>VOTAREA LA DISCRE\u0162IA PRE\u015eEDIN\u0162ILOR BIROURILOR ELECTORALE<\/strong><\/span><\/p>\n<p><span style=\"color: #000000;\"><strong>Chisinau, 5 aprilie 2009<\/strong> &#8212; Coali\u0163ia Civic\u0103 pentru Alegeri Libere \u015fi Corecte &#8212; \u201eCoali\u0163ia 2009\u201d, prin intermediul organiza\u0163iilor membre, observ\u0103 derularea alegerilor pentru desemnarea reprezentan\u021bilor \u00een Parlamentul Republicii Moldova din 5 aprilie 2009. \u00cen acest comunicat sunt prezentate problemele \u00eenregistrate \u00eentre orele 15:00 \u015fi 20:00.<\/span><span style=\"color: #000000;\"> <\/span><\/p>\n<p>Votarea \u00een locul altui aleg\u0103tor<\/p>\n<p><\/strong><\/span><\/p>\n<p><span style=\"color: #000000;\">\u00cen sec\u0163ia nr. 192 din  Chi\u015fin\u0103u i s-a permis persoanei tutore a unei alte persoane, care este declarat\u0103 inapt\u0103 de vot prin Hot\u0103r\u00e2re judec\u0103toreasc\u0103, s\u0103 voteze \u00een locul celei din urm\u0103.<\/span><\/p>\n<p><span style=\"color: #000000;\"><strong>Dispari\u0163ia unor \u015ftampile<\/strong><\/span><\/p>\n<p><span style=\"color: #000000;\">\u00cen sec\u0163ia de votare nr. 20 din Dub\u0103sarii Vechi (Criuleni), \u00een jurul orei 18:00 a fost semnalat\u0103 dispari\u0163ia \u015ftampilei \u201eVotat\u201d din una dintre cabinele de vot. Membrii biroului sec\u0163iei de votare au \u00eentocmit un proces-verbal privind dispari\u0163ia \u015ftampilei, p\u00e2n\u0103 \u00een acest moment ea nefiind recuperat\u0103.<\/span><\/p>\n<p><span style=\"color: #000000;\"><strong>Votarea ne\u00eentemeiat\u0103 pe listele electorale<\/strong><\/span><\/p>\n<p><span style=\"color: #000000;\">\u00cen sec\u0163ia nr. 3 din raionul C\u0103u\u015feni 2 persoane au fost incluse \u00een listele suplimentare \u015fi au putut vota la aceast\u0103 sec\u0163ie, de\u015fi nu \u015fi-au dovedit re\u015fedin\u0163a sau domiciul \u00een raza sec\u0163iei de votare respective. La sesizarea observatorilor LADOM membri biroului au declarat c\u0103 fac acest lucru la discre\u0163ie. <\/span><\/p>\n<p><span style=\"color: #000000;\"><strong>Folosirea abuziv\u0103 a urnei mobile<\/strong><\/span><\/p>\n<p><span style=\"color: #000000;\">\u00cen sec\u0163ia de votare nr. 34 din Opaci (C\u0103u\u015feni) pre\u015fedintele sec\u0163iei de votare a plecat cu urna mobil\u0103 de\u015fi nu existau nici un fel de cereri \u00een acest sens. La solicitarea observatorilor LADOM de a vedea lista \u00eentocmit\u0103 de pre\u015fedinte personal pentru plecarea urnei mobile, ace\u015ftia au fost refuza\u0163i. \u00cen acest moment urna mobil\u0103 este \u00een afara sec\u0163iei de votare.<\/span><\/p>\n<p><span style=\"color: #000000;\"><strong>Continuarea agita\u0163iei electorale<\/strong><\/span><\/p>\n<p><span style=\"color: #000000;\">Un reprezentant al PCRM afl\u00eendu-se \u00een preajma sec\u0163iei de votare nr. 4 din C\u0103u\u015feni \u00eei \u00eendemna pe aleg\u0103tori s\u0103 voteze pentru concurentul electoral cu nr. 5 (PCRM) din buletinul de vot.<\/span><span style=\"color: #000000;\">La Gr\u0103tie\u015fti a fost observat\u0103 agita\u0163ie electoral\u0103, o ma\u015fin\u0103 circula prin sat \u00eendemn\u00e2nd tinerii s\u0103 voteze pentru PL .<\/span><span style=\"color: #000000;\">\u00cen satul Cimi\u015feni (Criuleni), pe strada care duce spre sec\u0163ia de votare, pe to\u0163i st\u00e2lpii de iluminat sunt lipite afi\u015fe cu PCRM.<\/span><span style=\"color: #000000;\">\u00cen preajma sec\u0163iei de votare nr. 102 din municipiul Chi\u015fin\u0103u se afl\u0103 un autoturism, num\u0103r de \u00eenmatriculare CTAB 128, cu afi\u015faj electoral \u00een favoarea PCRM.<\/span><\/p>\n<p><span style=\"color: #000000;\"><strong>Influen\u0163area aleg\u0103torilor<\/strong><\/span><\/p>\n<p><span style=\"color: #000000;\">La Ine\u015fti (Telene\u015fti) urna mobil\u0103 este \u00eenso\u0163it\u0103 de primarul satului, care merge cu ma\u015fina prim\u0103riei, el fiind la volanul ma\u015finii.<\/span><\/p>\n<p><span style=\"color: #000000;\">\u00cen sec\u0163ia de votare din C\u00eerpe\u015fti (Cantemir) aleg\u0103torii erau \u00eenso\u0163i\u0163i p\u00een\u0103 la cabinele de vot de c\u0103tre pre\u015fedintele biroului electoral.<\/span><\/p>\n<p><span style=\"color: #000000;\"><strong>Nerespectarea procedurilor prev\u0103zute de lege<\/strong> <\/span><\/p>\n<p><span style=\"color: #000000;\"><em>Proces-verbal introdus cu \u00eent\u00e2rziere<\/em>. \u00cen sec\u0163ia de votare din localitatea Hulboaca, municipiul Chi\u015fin\u0103u, procesul-verbal a fost introdus dup\u0103 ora 15.00.<\/span><\/p>\n<p><span style=\"color: #000000;\"><em>Neaplicare \u015ftampilei \u201eAlegeri 05.04.09\u201d pe actele de identitate<\/em>. \u00cen sec\u0163ia de votare din Costuleni (Ungheni) 2 aleg\u0103tori au votat f\u0103r\u0103 a le fi aplicat\u0103 \u015ftampila  \u201eAlegeri 05.04.09\u201d \u00een fi\u015fa de \u00eenso\u0163ire a buletinului de indentitate.<\/span><\/p>\n<p><span style=\"color: #000000;\"><em>Prezen\u0163a persoanelor neautorizate \u00een incinta sec\u0163iilor de votare<\/em>. Un candidat al PCRM, \u00eenso\u0163it de doi poli\u0163i\u015fti, s-a aflat \u00een sec\u0163ia de votare din localitatea  Opaci (C\u0103u\u015feni). Concurentul electoral i-a solicitat pre\u015fedintelui biroului electoral respectiv s\u0103 prezinte lista observatorilor acredita\u0163i. Candidatul respectiv nu era din raza sec\u0163iri de votare respective, el neav\u00e2nd nici viz\u0103 re\u015fedin\u0163\u0103 \u00een aceast\u0103 localitate, nici certificat cu drept de vot.<\/span><\/p>\n<p><span style=\"color: #000000;\"><em>Probleme legate de listele electorale<\/em>. Mai mul\u0163i aleg\u0103tori din Corne\u015fti (Ungheni) nu se reg\u0103sesc \u00een listele de  electorale. \u00cen sec\u0163ia de votare nr. 13 s-a format coad\u0103 pentru a vota pe liste suplimentare, fapt care a f\u0103cut ca mul\u0163i aleg\u0103tori s\u0103 se \u00eentoarc\u0103 acas\u0103 far\u0103 a-\u015fi exprima votul. <\/span><span style=\"color: #000000;\">\u00cen listele electorale ale sec\u0163iilor de votare nr. 1 \u015fi 8 din Cimi\u015flia au fost introduse persoane decedate.<\/span><\/p>\n<p><span style=\"color: #000000;\"><em>Proasta amenjare a sec\u0163iilor de votare<\/em>. Sec\u0163ia nr. 13 din Corne\u015fti (Ungheni) este prost iluminat\u0103.<\/span><span style=\"color: #000000;\"><em>Votan\u0163i \u00een stare de ebrietate<\/em>. \u00cen Tartaul (Cantemir) au fost observate c\u00e2teva persoane \u00een stare de ebrietate, acestea fiind da\u0163i afar\u0103 doar la sesizarea observatorilor LADOM.<\/span><span style=\"color: #000000;\">(Pentru informa\u0163ii suplimentare, v\u0103 rug\u0103m contacta\u0163i Rima Pl\u0103cint\u0103, LADOM, 068091514)<\/span><\/p>\n<p><span style=\"color: #000000;\"><strong>Nereguli \u00een mass-media<\/strong><\/span><\/p>\n<p><span style=\"color: #000000;\">&#171;Agen\u0163ia Informa\u0163ional\u0103 de Stat MOLDPRES&#187; a favorizat PCRM \u00een ziua alegerilor, c\u00e2nd a difuzat \u015ftiri doar despre cum au votat Vladimir Voronin, Marian Lupu \u015fi Zinaida Grecean\u00eei &#8212; primele trei persoane pe lista PCRM. \u00cen acela\u015fi timp, agen\u0163ia nu a transmis nicio \u015ftire despre votul celorlal\u0163i concuren\u0163i electorali. \u015etirea despre exercitarea dreptului de vot de c\u0103tre Vladimir Voronin s-a intitulat &#171;Pre\u015fedintele \u0163\u0103rii a votat pentru continuitatea dezvolt\u0103rii Republicii Moldova&#187; \u015fi a con\u0163inut urm\u0103torul pasaj: &#171;\u00centrebat, \u00een calitatea sa de lider de partid, cum apreciaz\u0103 \u015fansele PCRM \u00een aceste alegeri, Vladimir Voronin a declarat c\u0103, cu sus\u0163inerea poporului, este sigur de victoria comuni\u015ftilor \u00een actualul scrutin, noteaz\u0103 MOLDPRES&#187;.<\/span><\/p>\n<p><span style=\"color: #000000;\">(Pentru informa\u0163ii suplimentare, v\u0103 rug\u0103m contacta\u0163i Petru Macovei, API, 069170941).<\/span><span style=\"color: #000000;\"> <\/span><\/p>\n<p><span style=\"color: #000000;\"><strong>Procesul electoral \u00een Transnistria<\/strong><\/span><\/p>\n<p><span style=\"color: #000000;\">Aproximativ 3500 de aleg\u0103tori cu drept de vot din regiunea Transnitrean\u0103 \u015fi-au exercitat dreptul la vot p\u00e2n\u0103 la ora 18:00, una dintre cauze particp\u0103rii reduse fiind impedimentele create de autorit\u0103\u0163ile transnistrene. <\/span><\/p>\n<p><span style=\"color: #000000;\">(Pentru informa\u0163ii suplimentare, v\u0103 rug\u0103m contacta\u0163i Ion Manole, Promo-Lex, 069070800)<\/span><\/p>\n<p class=\"MsoNormal\" style=\"margin: 0in 0in 0pt; line-height: normal; text-align: justify;\"><strong><span style=\"color: #000000;\"><a href=\"files\/declaratii\/comunicat2_050409.pdf\" target=\"_blank\"><\/a><\/span><\/strong><\/p>\n<p><strong>Descarc\u0103 \u00een PDF: <a href=\"files\/declaratii\/comunicat3_050409.pdf\" target=\"_blank\">Comunicat media, Coali\u0163ia 2009. VOTAREA LA DISCRE\u0162IA PRE\u015eEDIN\u0162ILOR BIROURILOR ELECTORALE<\/a><\/strong><\/p>","protected":false},"excerpt":{"rendered":"<p>\u041d\u0435 \u043d\u0430\u0439\u0434\u0435\u043d\u043d\u043e For the sake of viewer convenience, the content is shown below in the alternative language. You may click the link to switch the active language.VOTAREA LA DISCRE\u0162IA PRE\u015eEDIN\u0162ILOR BIROURILOR ELECTORALE Chisinau, 5 aprilie 2009 &#8212; Coali\u0163ia Civic\u0103 pentru Alegeri Libere \u015fi Corecte &#8212; \u201eCoali\u0163ia 2009\u201d, prin intermediul organiza\u0163iilor membre, observ\u0103 derularea alegerilor pentru [&hellip;]<\/p>\n","protected":false},"author":2,"featured_media":0,"comment_status":"closed","ping_status":"closed","sticky":false,"template":"","format":"standard","meta":[],"categories":[47],"tags":[],"_links":{"self":[{"href":"https:\/\/alegeliber.md\/ru\/wp-json\/wp\/v2\/posts\/32"}],"collection":[{"href":"https:\/\/alegeliber.md\/ru\/wp-json\/wp\/v2\/posts"}],"about":[{"href":"https:\/\/alegeliber.md\/ru\/wp-json\/wp\/v2\/types\/post"}],"author":[{"embeddable":true,"href":"https:\/\/alegeliber.md\/ru\/wp-json\/wp\/v2\/users\/2"}],"replies":[{"embeddable":true,"href":"https:\/\/alegeliber.md\/ru\/wp-json\/wp\/v2\/comments?post=32"}],"version-history":[{"count":0,"href":"https:\/\/alegeliber.md\/ru\/wp-json\/wp\/v2\/posts\/32\/revisions"}],"wp:attachment":[{"href":"https:\/\/alegeliber.md\/ru\/wp-json\/wp\/v2\/media?parent=32"}],"wp:term":[{"taxonomy":"category","embeddable":true,"href":"https:\/\/alegeliber.md\/ru\/wp-json\/wp\/v2\/categories?post=32"},{"taxonomy":"post_tag","embeddable":true,"href":"https:\/\/alegeliber.md\/ru\/wp-json\/wp\/v2\/tags?post=32"}],"curies":[{"name":"wp","href":"https:\/\/api.w.org\/{rel}","templated":true}]}}