{"id":3597,"date":"2021-07-10T21:15:50","date_gmt":"2021-07-10T18:15:50","guid":{"rendered":"https:\/\/alegeliber.md\/?p=3597"},"modified":"2021-12-09T15:06:08","modified_gmt":"2021-12-09T13:06:08","slug":"a-aparut-un-nou-numar-al-buletinului-informativ-pro-accesibilitate-pro-incluziune-pro-democratie","status":"publish","type":"post","link":"https:\/\/alegeliber.md\/ru\/a-aparut-un-nou-numar-al-buletinului-informativ-pro-accesibilitate-pro-incluziune-pro-democratie-3597.html","title":{"rendered":"(Rom\u00e2n\u0103) A ap\u0103rut un nou num\u0103r al Buletinului Informativ \u201ePro Accesibilitate! Pro Incluziune! Pro Democra\u021bie!\u201d"},"content":{"rendered":"<p class=\"qtranxs-available-languages-message qtranxs-available-languages-message-ru\">\u041d\u0435 \u043d\u0430\u0439\u0434\u0435\u043d\u043d\u043e For the sake of viewer convenience, the content is shown below in the alternative language. You may click the link to switch the active language.<\/p><p>A ap\u0103rut nr. 2 (30)\/2021 al Buletinului Informativ <strong>\u201ePro Accesibilitate! Pro Incluziune! Pro Democra\u0163ie!\u201d<\/strong><\/p>\n<p><img loading=\"lazy\" class=\"alignnone size-medium wp-image-3598\" src=\"https:\/\/alegeliber.md\/wp-content\/uploads\/2021\/07\/Buletin-Nr.-2-30_-2021-140x200.jpg\" alt=\"\" width=\"140\" height=\"200\" srcset=\"https:\/\/alegeliber.md\/wp-content\/uploads\/2021\/07\/Buletin-Nr.-2-30_-2021-140x200.jpg 140w, https:\/\/alegeliber.md\/wp-content\/uploads\/2021\/07\/Buletin-Nr.-2-30_-2021-70x100.jpg 70w, https:\/\/alegeliber.md\/wp-content\/uploads\/2021\/07\/Buletin-Nr.-2-30_-2021.jpg 485w\" sizes=\"(max-width: 140px) 100vw, 140px\" \/><\/p>\n<p>Din sumarul acestei edi\u021bii:<\/p>\n<ul>\n<li><strong><em>Interviu cu Ion T\u0103b\u00e2r\u021b\u0103, expert \u00een \u0219tiin\u021be politice, IDIS Viitorul <\/em><\/strong>\u2013 \u201ePartidele politice care particip\u0103 \u00een alegeri trebuie s\u0103 aib\u0103, \u00een mod obligatoriu, un anumit procent din candida\u021bi persoane cu dizabilit\u0103\u021bi\u201d.<\/li>\n<li><strong><em>Echipa MOTIVA\u021aIEI a testat accesibilitatea sec\u021biilor de votare din \u0218old\u0103ne\u0219ti \u0219i Leova<\/em><\/strong> \u2013 AO \u201eMOTIVA\u021aIE\u201d \u0219i-a propus sporirea num\u0103rului persoanelor cu dizabilit\u0103\u021bi \u0219i membri ai comunit\u0103\u021bii, care vor vedea ce \u00eenseamn\u0103 o sec\u021bie de votare accesibil\u0103, dar \u0219i le va permite pe viitor s\u0103 analizeze organizarea corect\u0103 a procesului electoral pentru a-\u0219i cere respectarea drepturilor.<\/li>\n<li><strong><em>Dezbateri publice \u201eIncluziunea social\u0103 a persoanelor cu necesit\u0103\u021bi speciale\u201d <\/em><\/strong>\u2013 \u201eAcest gen de dezbateri sunt o premier\u0103 pentru Republica Moldova \u0219i au fost organizate \u00een contextul Alegerilor parlamentare anticipate din 11 iulie 2021, cu participarea a 9 concuren\u021bi.<\/li>\n<li><strong><em>Ascult\u0103 Podcasturi din Republica Moldova care con\u021bin episoade cu tematic\u0103 electoral\u0103<\/em><\/strong> \u2013 \u201eCICDE lansat seria de podcasturi <strong><em>CICDE Podcast<\/em><\/strong> cu tematic\u0103 electoral\u0103; <strong><em>Podcastul cuMINTE<\/em><\/strong> \u2013 primul podcast despre dezinformarea din media, tehnici de manipulare \u0219i \u0219tiri false; Tot la acest capitol, V\u0103 propunem s\u0103 asculta\u021bi podcastul <strong><em>Dep\u0103\u0219im prejudec\u0103\u021bi<\/em><\/strong>.<\/li>\n<li><strong><em>P\u0103reri \u0219i \u00eendemnuri<\/em><\/strong> \u2013 \u201eNimeni \u0219i nimic nu ne poate lua dreptul nostru de a vota!\u201d \u2013 p\u0103reri \u0219i \u00eendemnuri ale persoanelor cu dizabilit\u0103\u021bi de a participa la vot.<\/li>\n<\/ul>\n<p>Acestea, dar \u015fi alte articole, pot fi citite \u00een aceast\u0103 edi\u021bie a buletinului.<\/p>\n<p><strong>Buletinul Informativ <em>\u201ePro Accesibilitate! Pro Incluziune! Pro Democra\u0163ie!\u201d<\/em><\/strong> este o publica\u0163ie care apare \u00eencep\u00eend din anul 2015 \u015fi care \u00ee\u015fi propune s\u0103 devin\u0103 o tribun\u0103 de lobby \u0219i advocacy al comunit\u0103\u021bii persoanelor cu dizabilit\u0103\u021bi \u0219i ofer\u0103 tuturor celor interesa\u0163i o imagine de ansamblu asupra necesit\u0103\u021bilor speciale \u0219i a problemelor cu care se confrunt\u0103 persoanele cu dizabilit\u0103\u021bi din Republica Moldova. Buletinul informativ \u00ee\u015fi propune s\u0103 faciliteze procesul de comunicare cu autorit\u0103\u0163ile \u015fi societatea civil\u0103 pentru a spori gradul de accesibilitate, incluziune social\u0103 a persoanelor cu dizabilit\u0103\u021bi, dar \u0219i pentru a promova un comportament pro-activ al acestora \u00een via\u021ba comunitar\u0103.<\/p>\n<p><em>Pentru informa\u021bii suplimentare:<\/em> Victor Koroli, Director Proiect, +373 69252453, <a href=\"mailto:vkoroli@gmail.com\">vkoroli@gmail.com<\/a><\/p>\n<p>Aceast\u0103 publica\u021bie a fost realizat\u0103 \u00een cadrul proiectului Campanie de educa\u021bie civic\u0103 \u0219i electoral\u0103 \u00een contextul alegerilor parlamentare anticipate 2021 \u201eIncluziunea social\u0103 a aleg\u0103torilor cu dizabilit\u0103\u021bi \u00eentre a\u0219tept\u0103ri, bariere, obstacole, declara\u021bii, promisiuni, realiz\u0103ri \u0219i valori \u00eemp\u0103rt\u0103\u0219ite\u201d, implementat de Alian\u021ba INFONET, finan\u021bat de Agen\u021bia Elve\u021bian\u0103 pentru Dezvoltare \u0219i Cooperare (SDC). Con\u021binutul acestei publica\u021bii nu reflect\u0103 neap\u0103rat opiniile donatorului.<\/p>","protected":false},"excerpt":{"rendered":"<p>\u041d\u0435 \u043d\u0430\u0439\u0434\u0435\u043d\u043d\u043e For the sake of viewer convenience, the content is shown below in the alternative language. You may click the link to switch the active language.A ap\u0103rut nr. 2 (30)\/2021 al Buletinului Informativ \u201ePro Accesibilitate! Pro Incluziune! Pro Democra\u0163ie!\u201d Din sumarul acestei edi\u021bii: Interviu cu Ion T\u0103b\u00e2r\u021b\u0103, expert \u00een \u0219tiin\u021be politice, IDIS Viitorul \u2013 [&hellip;]<\/p>\n","protected":false},"author":10,"featured_media":0,"comment_status":"closed","ping_status":"closed","sticky":false,"template":"","format":"standard","meta":[],"categories":[5,42,31,71,1],"tags":[],"_links":{"self":[{"href":"https:\/\/alegeliber.md\/ru\/wp-json\/wp\/v2\/posts\/3597"}],"collection":[{"href":"https:\/\/alegeliber.md\/ru\/wp-json\/wp\/v2\/posts"}],"about":[{"href":"https:\/\/alegeliber.md\/ru\/wp-json\/wp\/v2\/types\/post"}],"author":[{"embeddable":true,"href":"https:\/\/alegeliber.md\/ru\/wp-json\/wp\/v2\/users\/10"}],"replies":[{"embeddable":true,"href":"https:\/\/alegeliber.md\/ru\/wp-json\/wp\/v2\/comments?post=3597"}],"version-history":[{"count":3,"href":"https:\/\/alegeliber.md\/ru\/wp-json\/wp\/v2\/posts\/3597\/revisions"}],"predecessor-version":[{"id":3709,"href":"https:\/\/alegeliber.md\/ru\/wp-json\/wp\/v2\/posts\/3597\/revisions\/3709"}],"wp:attachment":[{"href":"https:\/\/alegeliber.md\/ru\/wp-json\/wp\/v2\/media?parent=3597"}],"wp:term":[{"taxonomy":"category","embeddable":true,"href":"https:\/\/alegeliber.md\/ru\/wp-json\/wp\/v2\/categories?post=3597"},{"taxonomy":"post_tag","embeddable":true,"href":"https:\/\/alegeliber.md\/ru\/wp-json\/wp\/v2\/tags?post=3597"}],"curies":[{"name":"wp","href":"https:\/\/api.w.org\/{rel}","templated":true}]}}