{"id":37,"date":"2009-05-01T15:35:23","date_gmt":"2009-05-01T15:35:23","guid":{"rendered":""},"modified":"2011-06-02T17:25:16","modified_gmt":"2011-06-02T17:25:16","slug":"comunicatfisc","status":"publish","type":"post","link":"https:\/\/alegeliber.md\/ru\/comunicatfisc-37.html","title":{"rendered":"Comunicat de pres\u0103 \u2018Cerere de acces la informa\u0163ii\u2019"},"content":{"rendered":"<p class=\"qtranxs-available-languages-message qtranxs-available-languages-message-ru\">\u041d\u0435 \u043d\u0430\u0439\u0434\u0435\u043d\u043d\u043e For the sake of viewer convenience, the content is shown below in this site default language. You may click one of the links to switch the site language to another available language.<\/p><p><span style=\"color: #0000ff;\">COMUNICAT DE PRES\u0102 <\/span><\/p>\n<p><span style=\"color: #000000;\"><em><strong>Chi\u015fin\u0103u, 30 aprilie 2009<\/strong><\/em> &#8212; <strong>Coali\u0163ia Civic\u0103 pentru Alegeri Libere \u015fi Corecte \u2013 \u201eCoali\u0163ia 2009\u201d cere Inspectoratului Fiscal Principal de Stat s\u0103 asigure transparen\u021ba procesului de verificare fiscal\u0103 a organiza\u021biilor neguvernamentale active \u00een perioada electoral\u0103.<\/strong><\/span><\/p>\n<p><span style=\"color: #000000;\">Ast\u0103zi, 30 aprilie 2009, Coali\u0163ia Civic\u0103 pentru Alegeri Libere \u015fi Corecte &#8212; \u201eCoali\u0163ia 2009\u201d a transmis Inspectoratului Fiscal Principal de Stat al Republicii Moldova o cerere \u00een baza Legii cu privire la accesul la informa\u0163ie nr. 982 din 2000, prin care solicit\u0103 informa\u0163ii vis-a-vis de controalele fiscale dispuse recent de aceast\u0103 institu\u021bie public\u0103 la mai multe organiza\u021bii neguvernamentale active \u00een perioada campaniei electorale, inclusiv la organiza\u021biile membre ale Coali\u021biei 2009. <\/span><\/p>\n<p><span style=\"color: #000000;\">Astfel, Coali\u021bia Civic\u0103 pentru Alegeri Libere \u0219i Corecte \u2013 \u201eCoali\u0163ia 2009\u201d a solicitat Inspectoratului Fiscal Principal de Stat r\u0103spunsuri la mai multe \u00eentreb\u0103ri, inclusiv:<\/span><\/p>\n<p><span style=\"color: #000000;\"> <\/span><\/p>\n<ul>\n<li><span style=\"color: #000000;\">Care sunt organiza\u021biile neguvernamentale supuse controlului fiscal \u00een aceast\u0103 perioad\u0103 \u0219i \u00een baza c\u0103ror criterii au fost selectate acestea pentru a fi verificate?<\/span><\/li>\n<li><span style=\"color: #000000;\">Care este scopul acestor controale fiscale \u0219i \u00een baza c\u0103ror decizii s-a dispus efectuarea lor la aceste organiza\u0163ii neguvernamentale?<br \/>\n<\/span><\/li>\n<\/ul>\n<p><span style=\"color: #000000;\"><br \/>\n<em>G\u0103si\u0163i anexat textul cererii de acces la informa\u021bie, transmis\u0103 Inspectoratului Fiscal Principal de Stat. <\/em><\/span><\/p>\n<p><span style=\"color: #000000;\">Reamintim c\u0103 recent Inspectoratul Fiscal Principal de Stat a dispus efectuarea unor controale fiscale simultane \u00een unele organiza\u0163ii ale societ\u0103\u021bii civile care s-au manifestat activ pe parcursul campaniei electorale, prin activit\u0103\u021bi de monitorizare a mass-media, observarea independent\u0103 a alegerilor \u015fi activit\u0103\u021bi de educa\u021bie civic\u0103.<\/span><\/p>\n<p><span style=\"color: #000000;\">Pentru informa\u0163ii suplimentare, v\u0103 rug\u0103m s\u0103 contacta\u0163i: Nicolae Panfil, Secretarul Coali\u021biei Civice pentru Alegeri Libere \u0219i Corecte &#8212; \u201eCoali\u0163ia 2009\u201d, la tel.: (373 22) 23 53 43 \/ ext. 108 sau prin e-mail: info@alegeliber.md. <\/span><\/p>\n<p><strong><span style=\"color: #000000;\">Descarc\u0103 PDF: <\/span><\/strong><\/p>\n<p><strong><span style=\"color: #000000;\"><a href=\"files\/declaratii\/comunicat%20de%20presa_cerere%20de%20acces%20la%20informatie_fisc.pdf\" target=\"_blank\">Comunicatul de pres\u0103<\/a><\/span><\/strong><\/p>\n<p dir=\"ltr\"><strong><a href=\"files\/declaratii\/cerere%20de%20acces%20la%20informatie_fisc.pdf\">Cerere de acces la informa\u0163ii<\/a><\/strong><\/p>\n<p><!--more--><\/p>","protected":false},"excerpt":{"rendered":"<p>\u041d\u0435 \u043d\u0430\u0439\u0434\u0435\u043d\u043d\u043e For the sake of viewer convenience, the content is shown below in the alternative language. You may click the link to switch the active language.COMUNICAT DE PRES\u0102 Chi\u015fin\u0103u, 30 aprilie 2009 &#8212; Coali\u0163ia Civic\u0103 pentru Alegeri Libere \u015fi Corecte \u2013 \u201eCoali\u0163ia 2009\u201d cere Inspectoratului Fiscal Principal de Stat s\u0103 asigure transparen\u021ba procesului de [&hellip;]<\/p>\n","protected":false},"author":2,"featured_media":0,"comment_status":"closed","ping_status":"closed","sticky":false,"template":"","format":"standard","meta":[],"categories":[47],"tags":[],"_links":{"self":[{"href":"https:\/\/alegeliber.md\/ru\/wp-json\/wp\/v2\/posts\/37"}],"collection":[{"href":"https:\/\/alegeliber.md\/ru\/wp-json\/wp\/v2\/posts"}],"about":[{"href":"https:\/\/alegeliber.md\/ru\/wp-json\/wp\/v2\/types\/post"}],"author":[{"embeddable":true,"href":"https:\/\/alegeliber.md\/ru\/wp-json\/wp\/v2\/users\/2"}],"replies":[{"embeddable":true,"href":"https:\/\/alegeliber.md\/ru\/wp-json\/wp\/v2\/comments?post=37"}],"version-history":[{"count":0,"href":"https:\/\/alegeliber.md\/ru\/wp-json\/wp\/v2\/posts\/37\/revisions"}],"wp:attachment":[{"href":"https:\/\/alegeliber.md\/ru\/wp-json\/wp\/v2\/media?parent=37"}],"wp:term":[{"taxonomy":"category","embeddable":true,"href":"https:\/\/alegeliber.md\/ru\/wp-json\/wp\/v2\/categories?post=37"},{"taxonomy":"post_tag","embeddable":true,"href":"https:\/\/alegeliber.md\/ru\/wp-json\/wp\/v2\/tags?post=37"}],"curies":[{"name":"wp","href":"https:\/\/api.w.org\/{rel}","templated":true}]}}