{"id":3733,"date":"2022-02-03T09:56:19","date_gmt":"2022-02-03T07:56:19","guid":{"rendered":"https:\/\/alegeliber.md\/?p=3733"},"modified":"2022-02-03T09:56:19","modified_gmt":"2022-02-03T07:56:19","slug":"3-februarie-2022-este-marcata-ziua-internationala-a-alegerilor","status":"publish","type":"post","link":"https:\/\/alegeliber.md\/ru\/3-februarie-2022-este-marcata-ziua-internationala-a-alegerilor-3733.html","title":{"rendered":"(Rom\u00e2n\u0103) 3 februarie 2022 este marcat\u0103 Ziua Interna\u021bional\u0103 a Alegerilor"},"content":{"rendered":"<p class=\"qtranxs-available-languages-message qtranxs-available-languages-message-ru\">\u041d\u0435 \u043d\u0430\u0439\u0434\u0435\u043d\u043d\u043e For the sake of viewer convenience, the content is shown below in the alternative language. You may click the link to switch the active language.<\/p><p>Anul acesta, pe 3 februarie 2022 este marcat\u0103 Ziua Interna\u021bional\u0103 a Alegerilor, instituit\u0103 \u00een 2005 la ini\u021biativa Conferin\u021bei Globale a Oficialilor Electorali din Ungaria pentru \u00a0prima zi de joi a lunii februarie. \u00cen anul 2005 a fost constituit\u0103 \u0219i prima Coali\u021bie Civic\u0103 pentru Alegeri Libere \u0219i Corecte \u2013 Coali\u021bia 2005, cu scopul de a contribui la asigurarea unor alegeri democratice ale Parlamentului Republicii Moldova. Coali\u021bia a fost relansat\u0103 \u00een toate ciclurile electorale ulterioare, inclusiv la alegerile parlamentare anticipate din vara 2021.<\/p>\n<p>Timp de 17 ani, Coali\u021bia a promovat \u00een permanen\u021b\u0103 standardele \u0219i principiile unor alegeri libere, corecte, transparente \u0219i incluzive, printr-o gam\u0103 larg\u0103 de activit\u0103\u021bi care cuprind: observarea \u0219i monitorizarea proceselor electorale \u0219i a modului cum sunt reflectate alegerile \u00een mass-media, informarea obiectiv\u0103 a publicului larg despre alegeri, desf\u0103\u0219urarea campaniilor de informare \u0219i educa\u021bie civic\u0103 \u0219i electoral\u0103, promovarea alegerilor incluzive \u0219i acordare de asisten\u021b\u0103 juridic\u0103 jurnali\u0219tilor \u0219i aleg\u0103torilor \u00een exercitarea drepturilor sale electorale.<\/p>\n<p><img loading=\"lazy\" class=\"alignnone size-medium wp-image-3734\" src=\"https:\/\/alegeliber.md\/wp-content\/uploads\/2022\/02\/Untitled-200x200.jpg\" alt=\"\" width=\"200\" height=\"200\" srcset=\"https:\/\/alegeliber.md\/wp-content\/uploads\/2022\/02\/Untitled-200x200.jpg 200w, https:\/\/alegeliber.md\/wp-content\/uploads\/2022\/02\/Untitled-100x100.jpg 100w, https:\/\/alegeliber.md\/wp-content\/uploads\/2022\/02\/Untitled-150x150.jpg 150w, https:\/\/alegeliber.md\/wp-content\/uploads\/2022\/02\/Untitled.jpg 454w\" sizes=\"(max-width: 200px) 100vw, 200px\" \/><\/p>\n<p>Pe parcursul anului 2021, Coali\u021bia \u0219i membrii acesteia:<\/p>\n<ul>\n<li>au lansat 7 apeluri publice \u0219i demersuri \u00een adresa institu\u021biilor statului \u0219i au publicat 2 constat\u0103ri \u0219i pozi\u021bii cu privirea la corectitudinea \u0219i caracterul liber al alegerilor preziden\u021biale <a href=\"https:\/\/l.facebook.com\/l.php?u=http%3A%2F%2Fwww.alegeliber.md%2F%3Ffbclid%3DIwAR10wFHYA2E65GV-duXgebJkhQ6nLpjREdE-XDxAh_Yow69CmEd97BVLViU&amp;h=AT24ZQM-r2BXCy1rNQ4-HF_uNX__H92yh7gK6uZqa3sDg5ys0ZA3EQPifHP7ujfSgI-dr_5hMrtBIUQkSciqnlvufXiXXEUO92cnnk8f1H8bErHvmVv1Htsp_-o8TeQ_JIVsQnFNJ69oMNFGpTNm&amp;__tn__=-UK*F&amp;c%5b0%5d=AT3DsECvv5mTmppA0IrzGqyhl6840jMh2UmqsabQdKNw7qaYuTOKruYsNgX95ccfqDnjVVJ6KhsZCL83AiKXScqSlBk09AZ6LQEvKZ1KPKDaunY6EaoqeomeIJdjYQrivvQGvIwOTe-33_BONxi0Mjd8VYa2QKaRmYRfmR2lcoXmRBcRfgHEKcqVwN9DYd28ergnYUc\">www.alegeliber.md<\/a>;<\/li>\n<li>au publicat numeroase rapoarte de monitorizare ale alegerilor parlamentare anticipate, de monitorizare a mass-media televizate, a presei on-line, din perspectiva egalit\u0103\u021bii de gen \u00een perioada electoral\u0103 \u0219i campania electoral\u0103,<\/li>\n<li>au desf\u0103\u0219urat campanii de informare \u0219i de educa\u021bie electoral\u0103 \u0219i civic\u0103 pe re\u021belele de socializare, note analitice, buletine informative, spoturi video privind incluziunea persoanelor cu dizabilit\u0103\u021bi, cicluri de prelegeri,<\/li>\n<li>au desf\u0103\u0219urat o campanie de informare a aleg\u0103torilor cu subiectul \u201cAlegem Parlamentul\u201d, \u00een parteneriat cu TVR Moldova, pe o serie de materiale video pe subiecte electorale, difuzate la TV \u0219i pe online,<\/li>\n<li>au publicat un ghid al aleg\u0103torului pentru alegerile parlamentare anticipate 2021 \u00een format accesibil \u0219i u\u0219or de \u00een\u021beles pentru persoanele cu dizabilit\u0103\u021bi;<\/li>\n<li>au publicat rapoarte ale misiunii de observare ale alegerilor pentru Adunarea Popular\u0103 a G\u0103g\u0103uziei,<\/li>\n<li>au implementat o campanie de informare \u0219i sensibilizare \u201cTinerii din G\u0103g\u0103uzia Voteaz\u0103!\u201d cu scopul de a informa, motiva s\u0326i mobiliza tinerii din Ga\u0306ga\u0306uzia sa\u0306 participe la alegerile pentru Adunarea Popular\u0103 a G\u0103g\u0103uziei,<\/li>\n<li>au propus \u0219i expediat autorit\u0103\u021bilor publice o serie de constat\u0103ri \u0219i recomand\u0103ri vizavi de proiectul Legii pentru modificarea unor acte normative (corup\u021bia electoral\u0103 \u0219i politic\u0103) \u0219i modificarea Codului Electoral,<\/li>\n<li>au propus o foaie de parcurs pentru introducerea votului prin internet \u00een Republica Moldova,<\/li>\n<li>au desemnat reprezentan\u021bi \u00een cadrul Grupului de lucru interinstitu\u021bional pentru elaborarea conceptului \u0219i planului de ac\u021biuni privind digitalizarea procesului electoral \u0219i pilotarea votului electronic ca metod\u0103 alternativ\u0103 de vot.<\/li>\n<\/ul>\n<p>Coali\u0163ia Civic\u0103 pentru Alegeri Libere \u015fi Corecte este constituit\u0103 din 36 organiza\u021bii neguvernamentale din Republica Moldova care au subscris principiilor stipulate de Carta pentru Alegeri Libere \u0219i Corecte.<\/p>","protected":false},"excerpt":{"rendered":"<p>\u041d\u0435 \u043d\u0430\u0439\u0434\u0435\u043d\u043d\u043e For the sake of viewer convenience, the content is shown below in the alternative language. You may click the link to switch the active language.Anul acesta, pe 3 februarie 2022 este marcat\u0103 Ziua Interna\u021bional\u0103 a Alegerilor, instituit\u0103 \u00een 2005 la ini\u021biativa Conferin\u021bei Globale a Oficialilor Electorali din Ungaria pentru \u00a0prima zi de joi [&hellip;]<\/p>\n","protected":false},"author":10,"featured_media":0,"comment_status":"closed","ping_status":"closed","sticky":false,"template":"","format":"standard","meta":[],"categories":[5,4,31,34,26,3,1,30],"tags":[],"_links":{"self":[{"href":"https:\/\/alegeliber.md\/ru\/wp-json\/wp\/v2\/posts\/3733"}],"collection":[{"href":"https:\/\/alegeliber.md\/ru\/wp-json\/wp\/v2\/posts"}],"about":[{"href":"https:\/\/alegeliber.md\/ru\/wp-json\/wp\/v2\/types\/post"}],"author":[{"embeddable":true,"href":"https:\/\/alegeliber.md\/ru\/wp-json\/wp\/v2\/users\/10"}],"replies":[{"embeddable":true,"href":"https:\/\/alegeliber.md\/ru\/wp-json\/wp\/v2\/comments?post=3733"}],"version-history":[{"count":1,"href":"https:\/\/alegeliber.md\/ru\/wp-json\/wp\/v2\/posts\/3733\/revisions"}],"predecessor-version":[{"id":3735,"href":"https:\/\/alegeliber.md\/ru\/wp-json\/wp\/v2\/posts\/3733\/revisions\/3735"}],"wp:attachment":[{"href":"https:\/\/alegeliber.md\/ru\/wp-json\/wp\/v2\/media?parent=3733"}],"wp:term":[{"taxonomy":"category","embeddable":true,"href":"https:\/\/alegeliber.md\/ru\/wp-json\/wp\/v2\/categories?post=3733"},{"taxonomy":"post_tag","embeddable":true,"href":"https:\/\/alegeliber.md\/ru\/wp-json\/wp\/v2\/tags?post=3733"}],"curies":[{"name":"wp","href":"https:\/\/api.w.org\/{rel}","templated":true}]}}