{"id":3740,"date":"2022-02-11T13:54:55","date_gmt":"2022-02-11T11:54:55","guid":{"rendered":"https:\/\/alegeliber.md\/?p=3740"},"modified":"2022-02-11T14:23:38","modified_gmt":"2022-02-11T12:23:38","slug":"asociatia-adept-a-fost-realeasa-sa-detina-secretariatul-calc-pentru-urmatorii-patru-ani","status":"publish","type":"post","link":"https:\/\/alegeliber.md\/ru\/asociatia-adept-a-fost-realeasa-sa-detina-secretariatul-calc-pentru-urmatorii-patru-ani-3740.html","title":{"rendered":"(Rom\u00e2n\u0103) Asocia\u021bia ADEPT a fost realeas\u0103 s\u0103 de\u021bin\u0103 Secretariatul CALC \u00a0pentru urm\u0103torii patru ani"},"content":{"rendered":"<p class=\"qtranxs-available-languages-message qtranxs-available-languages-message-ru\">\u041d\u0435 \u043d\u0430\u0439\u0434\u0435\u043d\u043d\u043e For the sake of viewer convenience, the content is shown below in this site default language. You may click one of the links to switch the site language to another available language.<\/p><p>Pe 10 februarie 2022, Consiliul Coali\u021biei Civice pentru Alegeri Libere \u0219i Corecte (CALC) s-a \u00eentrunit \u00eentr-o \u0219edin\u021b\u0103 online. \u00cen cadrul \u0219edin\u021bei, membrii Consiliului au aprobat desemnarea Asocia\u021biei pentru Democra\u021bie Participativ\u0103 \u201eADEPT\u201d \u00een calitate de organiza\u021bie care va de\u021bine Secretariatul Coali\u021biei pentru urm\u0103torul mandat de patru ani. \u00cen calitate de Secretar al Coali\u021biei a fost aprobat\u0103 Elena Prohni\u021bchi.<\/p>\n<p><img loading=\"lazy\" class=\"alignnone size-medium wp-image-3741\" src=\"https:\/\/alegeliber.md\/wp-content\/uploads\/2022\/02\/de-postat1-200x139.jpg\" alt=\"\" width=\"200\" height=\"139\" srcset=\"https:\/\/alegeliber.md\/wp-content\/uploads\/2022\/02\/de-postat1-200x139.jpg 200w, https:\/\/alegeliber.md\/wp-content\/uploads\/2022\/02\/de-postat1-1024x714.jpg 1024w, https:\/\/alegeliber.md\/wp-content\/uploads\/2022\/02\/de-postat1-100x70.jpg 100w, https:\/\/alegeliber.md\/wp-content\/uploads\/2022\/02\/de-postat1-768x535.jpg 768w, https:\/\/alegeliber.md\/wp-content\/uploads\/2022\/02\/de-postat1-1536x1070.jpg 1536w, https:\/\/alegeliber.md\/wp-content\/uploads\/2022\/02\/de-postat1.jpg 1920w\" sizes=\"(max-width: 200px) 100vw, 200px\" \/><\/p>\n<p>Secretariatul este organul executiv al Coali\u021biei, de\u021binut de c\u0103tre o organiza\u021bie membr\u0103 a Consiliului. Mandatul Secretariatului este de 4 ani, cu posibilitatea de\u021binerii mai multor mandate consecutive. Secretariatul asigur\u0103 punerea \u00een aplicare a deciziilor Consiliului Coali\u021biei, realizeaz\u0103 sarcini care \u021bin de activitatea intern\u0103 a Coali\u021biei, asigur\u0103 comunicarea intern\u0103 \u00een cadrul Coali\u021biei \u0219i reprezentarea \u00een exterior a acesteia.<\/p>\n<p>Odat\u0103 cu \u00eencheierea pe 30 ianuarie 2022 a mandatului prin care Asocia\u021bia ADEPT a de\u021binut Secretariatul Coali\u021biei, conform Regulamentul de func\u021bionare a Coali\u021biei, membrii Consiliului urmau s\u0103 aprobe organiza\u021bia care s\u0103 asigure func\u021bionarea Secretariatului CALC pentru urm\u0103torul mandat de patru ani. Candidatura Asocia\u021biei ADEPT a fost singura propus\u0103 de membrii Consiliului, fiind sus\u021binut\u0103 \u00een unanimitate. \u00cen calitate de Secretar al Coali\u021biei a fost realeas\u0103 Elena Prohni\u021bchi.<\/p>\n<p>Secretarul Coali\u021biei reales \u00een func\u021bie, Elena Prohni\u021bchi a mul\u021bumit pentru apreciere \u0219i a ad\u0103ugat c\u0103 Secretariatul va elabora o strategie pentru urm\u0103torii ani care s\u0103 prevad\u0103 consolidarea capacit\u0103\u021bilor membrilor CALC \u0219i sporirea vizibilit\u0103\u021bii Coali\u021biei.<\/p>\n<p><img loading=\"lazy\" class=\"alignnone size-medium wp-image-3742\" src=\"https:\/\/alegeliber.md\/wp-content\/uploads\/2022\/02\/de-postat2-200x110.jpg\" alt=\"\" width=\"200\" height=\"110\" srcset=\"https:\/\/alegeliber.md\/wp-content\/uploads\/2022\/02\/de-postat2-200x110.jpg 200w, https:\/\/alegeliber.md\/wp-content\/uploads\/2022\/02\/de-postat2-1024x565.jpg 1024w, https:\/\/alegeliber.md\/wp-content\/uploads\/2022\/02\/de-postat2-100x55.jpg 100w, https:\/\/alegeliber.md\/wp-content\/uploads\/2022\/02\/de-postat2-768x424.jpg 768w, https:\/\/alegeliber.md\/wp-content\/uploads\/2022\/02\/de-postat2-1536x847.jpg 1536w, https:\/\/alegeliber.md\/wp-content\/uploads\/2022\/02\/de-postat2.jpg 1691w\" sizes=\"(max-width: 200px) 100vw, 200px\" \/><\/p>\n<p>La \u0219edin\u021ba Consiliului CALC au participat 6 din cei 10 membri ai Consiliului, respectiv \u0219edin\u021ba a fost una deliberativ\u0103. \u00cen prezent, Coali\u021bia include 36 organiza\u021bii necomerciale din Republica Moldova care au subscris principiilor stipulate de Carta pentru Alegeri Libere \u0219i Corecte.<\/p>\n<p>&nbsp;<\/p>\n<p>&nbsp;<\/p>","protected":false},"excerpt":{"rendered":"<p>\u041d\u0435 \u043d\u0430\u0439\u0434\u0435\u043d\u043d\u043e For the sake of viewer convenience, the content is shown below in this site default language. You may click one of the links to switch the site language to another available language.Pe 10 februarie 2022, Consiliul Coali\u021biei Civice pentru Alegeri Libere \u0219i Corecte (CALC) s-a \u00eentrunit \u00eentr-o \u0219edin\u021b\u0103 online. \u00cen cadrul \u0219edin\u021bei, membrii [&hellip;]<\/p>\n","protected":false},"author":10,"featured_media":0,"comment_status":"closed","ping_status":"closed","sticky":false,"template":"","format":"standard","meta":[],"categories":[4,1,76],"tags":[],"_links":{"self":[{"href":"https:\/\/alegeliber.md\/ru\/wp-json\/wp\/v2\/posts\/3740"}],"collection":[{"href":"https:\/\/alegeliber.md\/ru\/wp-json\/wp\/v2\/posts"}],"about":[{"href":"https:\/\/alegeliber.md\/ru\/wp-json\/wp\/v2\/types\/post"}],"author":[{"embeddable":true,"href":"https:\/\/alegeliber.md\/ru\/wp-json\/wp\/v2\/users\/10"}],"replies":[{"embeddable":true,"href":"https:\/\/alegeliber.md\/ru\/wp-json\/wp\/v2\/comments?post=3740"}],"version-history":[{"count":2,"href":"https:\/\/alegeliber.md\/ru\/wp-json\/wp\/v2\/posts\/3740\/revisions"}],"predecessor-version":[{"id":3745,"href":"https:\/\/alegeliber.md\/ru\/wp-json\/wp\/v2\/posts\/3740\/revisions\/3745"}],"wp:attachment":[{"href":"https:\/\/alegeliber.md\/ru\/wp-json\/wp\/v2\/media?parent=3740"}],"wp:term":[{"taxonomy":"category","embeddable":true,"href":"https:\/\/alegeliber.md\/ru\/wp-json\/wp\/v2\/categories?post=3740"},{"taxonomy":"post_tag","embeddable":true,"href":"https:\/\/alegeliber.md\/ru\/wp-json\/wp\/v2\/tags?post=3740"}],"curies":[{"name":"wp","href":"https:\/\/api.w.org\/{rel}","templated":true}]}}