{"id":38,"date":"2009-05-07T18:56:47","date_gmt":"2009-05-07T18:56:47","guid":{"rendered":""},"modified":"2010-08-24T16:15:30","modified_gmt":"2010-08-24T16:15:30","slug":"rezolutiepe","status":"publish","type":"post","link":"https:\/\/alegeliber.md\/ru\/rezolutiepe-38.html","title":{"rendered":"Rezolu\u0163ia Parlamentului European referitoare la situa\u0163ia din Republica Moldova"},"content":{"rendered":"<p class=\"qtranxs-available-languages-message qtranxs-available-languages-message-ru\">\u041d\u0435 \u043d\u0430\u0439\u0434\u0435\u043d\u043d\u043e For the sake of viewer convenience, the content is shown below in this site default language. You may click one of the links to switch the site language to another available language.<\/p><p><\/p>\n<p style=\"margin-bottom: 0.2in;\"><span style=\"color: #000000;\"><strong><span style=\"color: #0000ff;\">Joi, 7 mai 2009.<\/span> <\/strong><\/span><\/p>\n<p style=\"margin-bottom: 0.2in;\"><span style=\"color: #000000;\"><strong><span style=\"color: #0000ff;\">Rezolu\u0163ia Parlamentului European referitoare la situa\u0163ia din Republica Moldova<\/span><\/strong> <\/span><\/p>\n<p><span style=\"color: #000000;\">Parlamentul European,<\/span><\/p>\n<p><span style=\"color: #000000;\">\u2013  av\u00e2nd \u00een vedere rezolu\u021biile sale anterioare privind Republica Moldova, \u00een special rezolu\u021bia din 24 februarie 2005, precum \u0219i rezolu\u021biile privind Politica european\u0103 de vecin\u0103tate (PEV) \u0219i cooperarea regional\u0103 la Marea Neagr\u0103,<\/span><\/p>\n<p><span style=\"color: #000000;\">\u2013  av\u00e2nd \u00een vedere declara\u021bia final\u0103 \u0219i recomand\u0103rile reuniunii Comisiei parlamentare de cooperare UE- Republica Moldova din 22-23 octombrie 2008,<\/span><\/p>\n<p><span style=\"color: #000000;\">\u2013  av\u00e2nd \u00een vedere Documentul de strategie al Comisiei Europene pentru 2004, inclusiv raportul de \u021bar\u0103 pentru Republica Moldova,<\/span><\/p>\n<p><span style=\"color: #000000;\">\u2013  av\u00e2nd \u00een vedere Acordul de parteneriat \u0219i cooperare dintre Republica Moldova \u0219i Uniunea European\u0103, semnat la 28 noiembrie 1994 \u0219i care a intrat \u00een vigoare la 1 iulie 1998,<\/span><\/p>\n<p><span style=\"color: #000000;\">\u2013  av\u00e2nd \u00een vedere Comunicarea Comisiei c\u0103tre Parlamentul European \u0219i Consiliu din 3 decembrie 2008 privind parteneriatul estic [COM(2008)0823)],<\/span><\/p>\n<p><span style=\"color: #000000;\">\u2013  av\u00e2nd \u00een vedere ajutorul oferit de Uniunea European\u0103 Republicii Moldova \u00een cadrul IEVP, inclusiv ajutorul pentru proiectul intitulat \u201eSprijin electoral pentru Republica Moldova\u201d, care a oferit asisten\u021b\u0103 financiar\u0103 pentru desf\u0103\u0219urarea de alegeri libere \u0219i corecte \u00een Republica Moldova,<\/span><\/p>\n<p><span style=\"color: #000000;\">\u2013  av\u00e2nd \u00een vedere Planul de ac\u021biune UE- Republica Moldova din cadrul PEV, adoptata la cea de a \u0219aptea reuniune a Consiliului de cooperare EU &#8212; Moldova, la 22 februarie 2005, precum \u0219i rapoartele de monitorizare anuale privind Republica Moldova,<\/span><\/p>\n<p><span style=\"color: #000000;\">\u2013  av\u00e2nd \u00een vedere acordul de facilitare a eliber\u0103rii vizelor dintre Uniunea European\u0103 \u0219i Republica Moldova, semnat \u00een 2007,<\/span><\/p>\n<p><span style=\"color: #000000;\">\u2013  av\u00e2nd \u00een vedere raportul privind rezultatele \u0219i concluziile preliminare ale misiunii interna\u021bionale de observare a alegerilor parlamentare din 5 aprilie 2009 din Republica Moldova \u0219i raportul post-electoral al OSCE\/BIDDO referitor la perioada 6-17 aprilie 2009, <\/span><\/p>\n<p><span style=\"color: #000000;\">\u2013  av\u00e2nd \u00een vedere declara\u021bia comun\u0103 a mini\u0219trilor afacerilor externe din Fran\u021ba, Cehia \u0219i Suedia privind situa\u021bia din Republica Moldova din 9 aprilie 2009,<\/span><\/p>\n<p><span style=\"color: #000000;\">\u2013  av\u00e2nd \u00een vedere declara\u021biile Pre\u0219edin\u021biei UE privind situa\u021bia din Republica Moldova din 7 \u0219i 8 aprilie 2009,<\/span><\/p>\n<p><span style=\"color: #000000;\">\u2013  av\u00e2nd \u00een vedere Concluziile Consiliului Afaceri generale \u0219i rela\u021bii externe din 27-28 aprilie 2009, precum \u0219i schimbul de opinii asupra acestei chestiuni cu Pre\u0219edin\u021bia UE f\u0103cut \u00een cadrul Comisiei pentru afaceri externe din 28 aprilie 2009,<\/span><\/p>\n<p><span style=\"color: #000000;\">\u2013  av\u00e2nd \u00een vedere declara\u021bia dlui Javier Solana, \u00cenalt Reprezentant al UE pentru PESC, din 7 \u0219i 11 aprilie 2009, privind situa\u021bia din Republica Moldova,<\/span><\/p>\n<p><span style=\"color: #000000;\">\u2013  av\u00e2nd \u00een vedere declara\u021biile dnei Benita Ferrero-Waldner, Comisar pentru rela\u021bii externe, din 6,7 \u0219i 11 aprilie 2009 privind situa\u021bia din Republica Moldova,<\/span><\/p>\n<p><span style=\"color: #000000;\">\u2013  av\u00e2nd \u00een vedere declara\u021bia echipei de \u021bar\u0103 a ONU \u00een Republica Moldova din 12 aprilie 2009,<\/span><\/p>\n<p><span style=\"color: #000000;\">\u2013  av\u00e2nd \u00een vedere Rezolu\u021bia nr. 1280 a Consiliului Europei din 24 aprilie 2002,<\/span><\/p>\n<p><span style=\"color: #000000;\">\u2013  av\u00e2nd \u00een vedere Memorandumul privind Moldova al organiza\u021biei Amnesty International din 17 aprilie 2009, referitor la situa\u021bia din Republica Moldova din cursul \u0219i de dup\u0103 evenimentele din 7 aprilie 2009, <\/span><\/p>\n<p><span style=\"color: #000000;\">\u2013  av\u00e2nd \u00een vedere raportul delega\u021biei sale ad hoc \u00een Republica Moldova, a c\u0103rei vizit\u0103 a avut loc \u00eentre 26 \u0219i 29 aprilie 2009,<\/span><\/p>\n<p><span style=\"color: #000000;\">\u2013  av\u00e2nd \u00een vedere articolul 103 alineatul (4) din Regulamentul s\u0103u de procedur\u0103,<\/span><\/p>\n<p><span style=\"color: #000000;\">A.  \u00eentruc\u00e2t PEV \u0219i parteneriatul estic, care urmeaz\u0103 s\u0103 fie lansat \u00een cur\u00e2nd, recunosc aspira\u021biile europene ale Republicii Moldova \u0219i importan\u021ba acesteia ca \u021bar\u0103 av\u00e2nd profunde leg\u0103turi istorice, culturale \u0219i economice cu statele membre ale Uniunii Europene;<\/span><\/p>\n<p><span style=\"color: #000000;\">B.  \u00eentruc\u00e2t planul de ac\u021biune UE-Moldova elaborat \u00een cadrul PEV vizeaz\u0103 \u00eencurajarea reformelor politice \u0219i institu\u021bionale \u00een Republica Moldova, inclusiv \u00een domeniul democra\u021biei \u0219i al drepturilor omului, al statului de drept, al independen\u021bei sistemului de justi\u021bie \u0219i al libert\u0103\u021bii presei, precum \u021bi \u00een ceea ce prive\u0219te rela\u021biile de bun\u0103vecin\u0103tate;<\/span><\/p>\n<p><span style=\"color: #000000;\">C.  \u00eentruc\u00e2t s-a stabilit ca \u00een iunie 2009 s\u0103 se lanseze negocierile privind noul acord dintre Republica Moldova \u0219i UE cu ocazia Consiliului de cooperare UE-Moldova;<\/span><\/p>\n<p><span style=\"color: #000000;\">D.  \u00eentruc\u00e2t Republica Moldova este membru al Consiliului Europei \u0219i al OSCE, angaj\u00e2ndu-se astfel s\u0103 promoveze \u00een mod veritabil democra\u021bia \u0219i s\u0103 respecte drepturile omului, inclusiv \u00een ceea ce prive\u0219te prevenire \u0219i combaterea torturii, a relelor tratamente \u0219i a altor tratamente inumane \u0219i degradante;<\/span><\/p>\n<p><span style=\"color: #000000;\">E.  \u00eentruc\u00e2t alegerile parlamentare au avut loc \u00een Republica Moldova la 5 aprilie 2009 \u0219i \u00eentruc\u00e2t acestea au fost monitorizate de o misiune interna\u021bional\u0103 de observare a alegerilor compus\u0103 din OSCE\/BIDDO \u0219i reprezentan\u021bi ai Parlamentului European, Adun\u0103rii Parlamentare OSCE \u0219i ai Adun\u0103rii Parlamentare a Consiliului Europei; <\/span><\/p>\n<p><span style=\"color: #000000;\">F.  \u00eentruc\u00e2t \u00een timpul perioadei pre-electorale au fost exprimate \u00eengrijor\u0103ri serioase cu privire la controlul exercitat de c\u0103tre guvern asupra mass-mediei publice, la intimidarea \u0219i h\u0103r\u021buirea liderilor opozi\u021biei, precum \u0219i a mass-mediei private, dar \u0219i la utilizarea necorespunz\u0103toare a resurselor administrative \u00een avantajul partidului de guvern\u0103m\u00e2nt;<\/span><\/p>\n<p><span style=\"color: #000000;\">G.  \u00eentruc\u00e2t \u00eentre 500 000 \u0219i 1 milion de cet\u0103\u021beni moldoveni tr\u0103iesc \u00een afara grani\u021belor \u0219i \u00eentruc\u00e2t mai multe apeluri semnate de un num\u0103r mare de ONG-uri \u0219i asocia\u021bii din diaspora moldovean\u0103 au fost adresate autorit\u0103\u021bilor moldovene anterior alegerilor din 5 aprilie \u0219i ignorate de c\u0103tre acestea, inclusiv un apel lansat \u00een februarie 2009, adresat Pre\u0219edintelui Republicii Moldova, Pre\u0219edintelui Parlamentului \u0219i Primului-ministru al Moldovei, referitor la privarea de dreptul la vot al cet\u0103\u021benilor moldoveni ce tr\u0103iesc \u00een afara \u021b\u0103rii; \u00eentruc\u00e2t num\u0103rul aleg\u0103torilor moldoveni din afara Republicii Moldova a fost foarte mic (22 000);<\/span><\/p>\n<p><span style=\"color: #000000;\">H.  \u00eentruc\u00e2t autorit\u0103\u021bile de facto ale regiunii separatiste Transnistria au \u00eempiedicat participarea la alegeri a unui num\u0103r mare de cet\u0103\u021beni din Moldova;<\/span><\/p>\n<p><span style=\"color: #000000;\">I.  \u00eentruc\u00e2t misiunea interna\u021bional\u0103 de observare a alegerilor a conchis, \u00een cuprinsul constat\u0103rilor sale preliminare, c\u0103 alegerile au respectat un mare num\u0103r de norme \u0219i angajamente interna\u021bionale, dar c\u0103 asigurarea unui proces electoral lipsit de ingerin\u021be administrative nedorite \u0219i ridicarea gradului de \u00eencredere a publicului necesit\u0103 \u00eembun\u0103t\u0103\u021biri suplimentare;<\/span><\/p>\n<p><span style=\"color: #000000;\">J.  \u00eentruc\u00e2t partidele din opozi\u021bie \u0219i Coali\u021bia 2009 s-au pl\u00e2ns cu privire la numeroasele neregularit\u0103\u021bi \u00eenregistrate \u00een timpul alegerilor din 5 aprilie 2009 \u00een preg\u0103tirea listelor de aleg\u0103tori \u0219i a listelor suplimentare, precum \u0219i \u00een num\u0103rarea \u0219i \u00eenregistrarea voturilor;<\/span><\/p>\n<p><span style=\"color: #000000;\">K.  \u00eentruc\u00e2t, \u00een urma unei renum\u0103r\u0103ri, rezultatele finale ale alegerilor au fost publicate de Comisia Electoral\u0103 Central\u0103 la 21 aprilie 2009 \u0219i validate de Curtea Constitu\u021bional\u0103 la 22 aprilie 2009;<\/span><\/p>\n<p><span style=\"color: #000000;\">L.  \u00eentruc\u00e2t evenimentele ce au survenit alegerilor au fost caracterizate de violen\u021be \u0219i de semnificativa campanie de intimidare \u0219i violen\u021b\u0103 a guvernului moldovean, pun\u00e2nd astfel sub semnul \u00eentreb\u0103rii angajamentul autorit\u0103\u021bilor moldovene \u00een favoarea valorilor democratice \u0219i a drepturilor omului, precum \u0219i \u00eens\u0103\u0219i existen\u021ba \u00eencrederii publice \u00een aceste autorit\u0103\u021bi;<\/span><\/p>\n<p><span style=\"color: #000000;\">M.  \u00eentruc\u00e2t protestele pa\u0219nice au fost determinate de \u00eendoielile cu privire la corectitudinea alegerilor \u0219i de ne\u00eencrederea \u00een institu\u021biile publice, inclusiv \u00een cele care au administrat procesul electoral, \u0219i \u00eentruc\u00e2t acte regretabile de violen\u021b\u0103 au fost exploatate de c\u0103tre autorit\u0103\u021bi pentru a intimida societatea civil\u0103, prin reac\u021bia violent\u0103 \u0219i dispropor\u021bionat\u0103, \u0219i pentru a limita \u0219i mai mult drepturile \u0219i libert\u0103\u021bile fundamentale ale cet\u0103\u021benilor moldoveni, aflate \u0219i a\u0219a \u00eentr-o stare fragil\u0103;<\/span><\/p>\n<p><span style=\"color: #000000;\">N.  \u00eentruc\u00e2t este acceptat faptul c\u0103 cel pu\u021bin 310 persoane au fost arestate \u0219i re\u021binute, dintre care unele se afl\u0103 \u00eenc\u0103 sub arest \u0219i \u00eentruc\u00e2t, \u00een timpul arestului, mai multe persoane au fost supuse unor rele tratamente sistematice \u00een cadrul sec\u021biilor de poli\u021bie \u00eentr-o m\u0103sur\u0103 ce poate fi considerat\u0103 drept tortur\u0103;<\/span><\/p>\n<p><span style=\"color: #000000;\">O.  \u00eentruc\u00e2t arest\u0103rile f\u0103r\u0103 mandat \u0219i b\u0103t\u0103ile administrate civililor de c\u0103tre membri neidentifica\u021bi ai for\u021belor de ordine nu au p\u0103rut a fi \u00eendreptate c\u0103tre calmarea situa\u021biei ci au constituit mai degrab\u0103 acte deliberate de represiune;<\/span><\/p>\n<p><span style=\"color: #000000;\">P.  \u00eentruc\u00e2t au fost comise abuzuri grave ale drepturilor omului de c\u0103tre autorit\u0103\u021bile moldovene \u0219i \u00eentruc\u00e2t continu\u0103 h\u0103r\u021buirea nejustificat\u0103 a reprezentan\u021bilor societ\u0103\u021bii civile \u0219i a protestatarilor, av\u00e2nd loc \u00een continuare nerespectarea statului de drept \u0219i a conven\u021biilor europene relevante la care Republica Moldova este parte;<\/span><\/p>\n<p><span style=\"color: #000000;\">Q.  \u00eentruc\u00e2t guvernul moldovean a acuzat Rom\u00e2nia de implicare \u00een demonstra\u021biile post-electorale \u0219i a expulzat ambasadorul rom\u00e2n; \u00eentruc\u00e2t guvernul moldovean a reintrodus, de asemenea, obligativitatea vizelor \u00een cazul cet\u0103\u021benilor acestui stat membru al UE;<\/span><\/p>\n<p><span style=\"color: #000000;\">R.  \u00eentruc\u00e2t trebuie subliniat c\u0103 nu a ap\u0103rut niciun indiciu sau dovad\u0103 serioas\u0103 pe baza c\u0103reia vreunul dintre statele membre ale UE s\u0103 poat\u0103 fi acuzat c\u0103 ar fi responsabil pentru evenimentele violente din ultimele s\u0103pt\u0103m\u00e2ni; <\/span><\/p>\n<p><span style=\"color: #000000;\">S.  \u00eentruc\u00e2t un parteneriat veritabil \u0219i echilibrat nu poate fi dezvoltat dec\u00e2t pe baza unor valori comune cu privire, \u00een special, la asigurarea democra\u021biei, a statului de drept \u0219i a respect\u0103rii drepturilor omului \u0219i a libert\u0103\u021bilor civile; <\/span><\/p>\n<p><span style=\"color: #000000;\">T.  \u00eentruc\u00e2t Uniunea European\u0103 urm\u0103re\u0219te s\u0103 instituie, prin programul s\u0103u de parteneriat estic, o mai mare stabilitate, o mai bun\u0103 guvernan\u021b\u0103 \u0219i dezvoltarea economic\u0103 a Republicii Moldova \u0219i a celorlalte \u021b\u0103ri de la frontiera sa r\u0103s\u0103ritean\u0103, <\/span><\/p>\n<p><span style=\"color: #000000;\">1.  subliniaz\u0103 importan\u021ba unei rela\u021bii mai apropiate \u00eentre UE \u0219i Republica Moldova \u0219i confirm\u0103 necesitatea de a colabora \u00een vederea ridic\u0103rii gradului de stabilitate, securitate \u0219i prosperitate pe continentul european \u0219i a prevenirii apari\u021biei unor noi linii de demarca\u021bie;<\/span><\/p>\n<p><span style=\"color: #000000;\">2.  reafirm\u0103 angajamentul s\u0103u de a continua un dialog de substan\u021b\u0103 \u0219i orientat c\u0103tre rezultate cu Republica Moldova, dar acord\u0103 o mare importan\u021b\u0103 introducerii unor dispozi\u021bii ferme privind statul de drept \u0219i respectarea drepturilor omului, subliniind totodat\u0103 c\u0103 o consolidare continu\u0103 a rela\u021biilor, inclusiv prin \u00eencheierea unui nou acord \u00eembun\u0103t\u0103\u021bit, ar trebui s\u0103 fie condi\u021bionat\u0103 de un angajament real \u0219i evident al autorit\u0103\u021bilor moldovene \u00een favoarea democra\u021biei \u0219i a drepturilor omului;<\/span><\/p>\n<p><span style=\"color: #000000;\">3.  subliniaz\u0103 c\u0103 deplina conformitate cu normele democratice interna\u021bionale \u00eenainte, \u00een cursul \u0219i dup\u0103 desf\u0103\u0219urarea procesului electoral este de cea mai mare importan\u021b\u0103 pentru dezvoltarea rela\u021biilor dintre Republica Moldova \u0219i Uniunea European\u0103; <\/span><\/p>\n<p><span style=\"color: #000000;\">4.  condamn\u0103 cu fermitate campania ampl\u0103 de h\u0103r\u021buiri, gravele \u00eenc\u0103lc\u0103ri ale drepturilor omului \u0219i toate celelalte ac\u021biuni ilegale ale guvernului moldovean \u00een perioada de dup\u0103 alegerile parlamentare; <\/span><\/p>\n<p><span style=\"color: #000000;\">5.  \u00eendeamn\u0103 autorit\u0103\u021bile moldovene s\u0103 \u00eenceteze de \u00eendat\u0103 orice arest\u0103ri ilegale \u0219i s\u0103 conduc\u0103 \u021bara \u00een conformitate cu angajamentele \u0219i obliga\u021biile interna\u021bionale asumate, \u00een ceea ce prive\u0219te democra\u021bia, statul de drept \u0219i drepturile omului; <\/span><\/p>\n<p><span style=\"color: #000000;\">6.  se declar\u0103 profund \u00eengrijorat de arest\u0103rile ilegale \u0219i arbitrare \u0219i de numeroasele \u00eenc\u0103lc\u0103ri ale drepturilor omului ale persoanelor arestate, \u00eendeosebi \u00een ceea ce prive\u0219te dreptul la via\u021b\u0103, dreptul de a nu fi supus abuzului fizic, tratamentele inumane, de tortur\u0103 sau punitive, dreptul la libertate \u0219i la securitate, dreptul la justi\u021bie \u0219i dreptul la libertatea de adunare, de asociere \u0219i la liber\u0103 exprimare, precum \u0219i de faptul c\u0103 aceste abuzuri continu\u0103; <\/span><\/p>\n<p><span style=\"color: #000000;\">7.  subliniaz\u0103 c\u0103 trebuie instituit un dialog na\u021bional, cu participarea guvernului \u0219i a partidelor de opozi\u021bie, \u00een cadrul unui efort sus\u021binut de ameliorare semnificativ\u0103 a procedurilor democratice \u0219i a func\u021bion\u0103rii institu\u021biilor democratice din Republica Moldova \u0219i s\u0103 solu\u021bioneze f\u0103r\u0103 \u00eent\u00e2rziere deficien\u021bele semnalate \u00een constat\u0103rile misiunii interna\u021bionale de observare a alegerilor; <\/span><\/p>\n<p><span style=\"color: #000000;\">8.   subliniaz\u0103 totodat\u0103 c\u0103 tensiunile interne existente \u00een Republica Moldova sunt foarte mari \u0219i, prin urmare, consider\u0103 cu fermitate c\u0103 este necesar\u0103 crearea urgent\u0103 a unei comisii independente de investigare, cu participarea UE, a Comitetului pentru prevenirea torturii a Consiliului Europei \u0219i a unor exper\u021bi independen\u021bi, care s\u0103 asigure un proces transparent \u0219i impar\u021bial de investigare; <\/span><\/p>\n<p><span style=\"color: #000000;\">9.  insist\u0103 ca to\u021bi cei ce s-au f\u0103cut r\u0103spunz\u0103tori de brutalitate \u0219i violen\u021be \u00eendreptate \u00eempotriva persoanelor re\u021binute s\u0103 fie adu\u0219i \u00een fa\u021ba justi\u021biei; insist\u0103, de asemenea, ca constat\u0103rile comisiei de anchet\u0103 s\u0103 conduc\u0103 la o reform\u0103 veritabil\u0103 a sistemului judiciar \u0219i a for\u021belor de poli\u021bie din Republica Moldova; <\/span><\/p>\n<p><span style=\"color: #000000;\">10.  solicit\u0103 lansarea unei investiga\u021bii speciale \u00een cazurile persoanelor decedate \u00een timpul evenimentelor ce au urmat alegerilor, precum \u0219i \u00een cazul tuturor acuza\u021biilor de viol sau r\u0103u tratament \u00een timpul deten\u021biei, \u0219i a arest\u0103rilor operate pe criterii politice, cum ar fi arestarea lui Anatol M\u0103t\u0103saru \u0219i a lui Gabriel Stati; <\/span><\/p>\n<p><span style=\"color: #000000;\">11.  condamn\u0103 campania de h\u0103r\u021buire lansat\u0103 de autorit\u0103\u021bile moldovene \u00eempotriva jurnali\u0219tilor, a reprezentan\u021bilor societ\u0103\u021bii civile \u0219i ai partidelor din opozi\u021bie, \u00eendeosebi arestarea \u0219i expulzarea jurnali\u0219tilor, \u00eentreruperea accesului la pagini de internet \u0219i la posturi de televiziune, emiterea de mesaje propagandistice pe posturile publice \u0219i blocarea accesului la mass-media publice al reprezentan\u021bilor opozi\u021biei; consider\u0103 c\u0103 aceste ac\u021biuni sunt menite s\u0103 izoleze Republica Moldova de controlul public \u0219i al presei interne \u0219i interna\u021bionale; regret\u0103 \u0219i condamn\u0103 continuarea acestei cenzuri prin intermediul scrisorilor trimise de Ministerul pentru afaceri interne \u0219i de Ministerul de Justi\u021bie c\u0103tre ONG-uri, partide politice \u0219i mass-media; <\/span><\/p>\n<p><span style=\"color: #000000;\">12.  depl\u00e2nge ferm decizia autorit\u0103\u021bilor moldovene de extr\u0103dare a ambasadorului rom\u00e2n \u0219i de introducere a obligativit\u0103\u021bii vizelor pentru cet\u0103\u021benii acestui stat membru al Uniunii Europene; insist\u0103 asupra faptului c\u0103 discriminarea cet\u0103\u021benilor UE pe baza originii lor na\u021bionale nu este acceptabil\u0103 \u0219i solicit\u0103 autorit\u0103\u021bilor moldovene reinstituirea regimului lipsit de vize pentru cet\u0103\u021benii rom\u00e2ni; <\/span><\/p>\n<p><span style=\"color: #000000;\">13.  \u00eendeamn\u0103, totodat\u0103, insistent Consiliul \u0219i Comisia s\u0103 revizuiasc\u0103 sistemul de vize al UE pentru Republica Moldova, \u00een vederea relax\u0103rii condi\u021biilor regimului de acordare a vizelor cet\u0103\u021benilor moldoveni, \u00eendeosebi a condi\u021biilor financiare, iar c\u0103l\u0103toriile regulate s\u0103 se poat\u0103 desf\u0103\u0219ura \u00een condi\u021bii mai bune; \u00ee\u0219i exprim\u0103 \u00eens\u0103 speran\u021ba c\u0103 cet\u0103\u021benii moldoveni nu vor profita de un sistem de c\u0103l\u0103torie \u0219i de acordare a vizelor mai bun pentru a \u00eencepe un exod \u00een mas\u0103, ci vor fi \u00eencuraja\u021bi s\u0103 contribuie activ la dezvoltarea \u00een continuare a \u021b\u0103rii lor natale;<\/span><\/p>\n<p><span style=\"color: #000000;\">14.  observ\u0103 c\u0103 acuza\u021biile conform c\u0103rora un stat membru al UE ar fi fost implicat \u00een evenimentele ce au avut loc par nefondate \u0219i nu au fost dezb\u0103tute sau reluate \u00een reuniunile Delega\u021biei ad-hoc \u00een Republica Moldova; <\/span><\/p>\n<p><span style=\"color: #000000;\">15.  solicit\u0103 dovezi clare \u0219i substan\u021biale \u00een sprijinul oric\u0103ror acuza\u021bii lansate de guvernul moldovean cu privire la presupusele ac\u021biuni criminale ale protestatarilor \u0219i implicarea unor guverne str\u0103ine; <\/span><\/p>\n<p><span style=\"color: #000000;\">16.  ia act de declara\u021biile autorit\u0103\u021bilor moldovene cu privire la deschiderea unui dosar penal privind \u201e\u00eencercarea de subminare a autorit\u0103\u021bii statului la 7 aprilie\u201d \u0219i solicit\u0103 ca aceast\u0103 investiga\u021bie s\u0103 fie condus\u0103 de manier\u0103 transparent\u0103 \u0219i s\u0103 elucideze toate acuza\u021biile f\u0103cute de autorit\u0103\u021bile moldovene cu privire la o posibil\u0103 participare a uneia sau mai multor \u021b\u0103ri ter\u021be \u00een aceste evenimente; <\/span><\/p>\n<p><span style=\"color: #000000;\">17.  de\u0219i condamn\u0103 toate actele de violen\u021b\u0103 \u0219i vandalism, consider\u0103 drept inacceptabil\u0103 prezentarea tuturor protestelor ca fiind acte criminale \u0219i drept un \u201ecomplot anticonstitu\u021bional\u201d; consider\u0103 c\u0103 protestele pa\u0219nice au fost determinate \u00eendeosebi de \u00eendoielile cu privire la corectitudinea alegerilor, de ne\u00eencrederea \u00een institu\u021biile publice \u0219i de insatisfac\u021bia cu privire la situa\u021bia social\u0103 \u0219i economic\u0103 din Republica Moldova; <\/span><\/p>\n<p><span style=\"color: #000000;\">18.  consider\u0103 c\u0103 singura cale pentru a dep\u0103\u0219i actuala situa\u021bie din Republica Moldova o reprezint\u0103 un dialog constructiv cu partidele din opozi\u021bie, cu societatea civil\u0103 \u0219i cu reprezentan\u021bii organiza\u021biilor interna\u021bionale; <\/span><\/p>\n<p><span style=\"color: #000000;\">19.  subliniaz\u0103 faptul c\u0103 orice noi alegeri necesit\u0103 un consens \u00eentre opozi\u021bie \u0219i guvern privind \u00eembun\u0103t\u0103\u021biri concrete ale procesului electoral;<\/span><\/p>\n<p><span style=\"color: #000000;\">20.  reafirm\u0103 importan\u021ba independen\u021bei sistemului judiciar \u0219i a mass-mediei \u0219i solicit\u0103 luarea de m\u0103suri suplimentare pentru a garanta independen\u021ba editorial\u0103 a tuturor serviciilor media, inclusiv a Radio-televiziunii Moldova \u0219i \u00eencetarea oric\u0103rei intimid\u0103ri a canalului ProTV \u0219i a oric\u0103ror amenin\u021b\u0103ri \u00een ceea ce prive\u0219te prelungirea licen\u021bei acestuia, precum \u0219i a \u00eembun\u0103t\u0103\u021birii considerabile a legii electorale moldovene drept elemente esen\u021biale pentru viitoarele procese electorale \u0219i pentru consolidarea democra\u021biei \u00een Republica Moldova; <\/span><\/p>\n<p><span style=\"color: #000000;\">21.  depl\u00e2nge faptul c\u0103 guvernul moldovean nu a f\u0103cut nici un efort pentru a facilita votul cet\u0103\u021benilor moldoveni care tr\u0103iesc \u00een str\u0103in\u0103tate, \u00een concordan\u021b\u0103 cu sugestiile Comisiei de la Vene\u021bia; solicit\u0103 autorit\u0103\u021bilor moldovene s\u0103 adopte m\u0103surile necesare pentru ca aceste deziderate s\u0103 fie \u00eendeplinite \u00een timp util; <\/span><\/p>\n<p><span style=\"color: #000000;\">22.  subliniaz\u0103 discrepan\u021bele importante dintre raportul preliminar al OSCE\/BIDDO privind desf\u0103\u0219urarea alegerilor \u0219i afirma\u021biile formulate de un num\u0103r important de ONG-uri din Republica Moldova referitoare la numeroasele nereguli; subliniaz\u0103 faptul c\u0103 trebuie s\u0103 se \u021bin\u0103 seama de astfel de discrepan\u021be \u00een cadrul revizuirii viitoare a activit\u0103\u021bilor OSCE\/BIDDO de observare a alegerilor \u0219i a contribu\u021biei UE la misiuni interna\u021bionale de observare a alegerilor; <\/span><\/p>\n<p><span style=\"color: #000000;\">23.  consider\u0103 c\u0103, \u00een vederea men\u021binerii credibilit\u0103\u021bii sale \u00een fa\u021ba cet\u0103\u021benilor moldoveni, UE ar trebui s\u0103 fie implicat\u0103 de manier\u0103 activ\u0103, profund\u0103 \u0219i ampl\u0103 \u00een gestionarea actualei situa\u021bii; solicit\u0103 Consiliului s\u0103 ia \u00een considerare posibilitatea trimiterii unei misiuni de sprijinire a statului de drept \u00een Republica Moldova, pentru a acorda asisten\u021b\u0103 autorit\u0103\u021bilor \u00eens\u0103rcinate cu aplicarea legii \u00een procesul acestora de reformare, \u00een special \u00een domeniile poli\u021biei \u0219i justi\u021biei; <\/span><\/p>\n<p><span style=\"color: #000000;\">24.  subliniaz\u0103 c\u0103 Comisia, Consiliul \u0219i statele membre fac uz pe deplin de PEV \u0219i, \u00een special, de noul program de parteneriat estic, pentru a institui o mai mare stabilitate, o mai bun\u0103 guvernan\u021b\u0103 \u0219i a asigura o dezvoltare economic\u0103 echilibrat\u0103 \u00een Republica Moldova \u0219i \u00een celelalte \u021b\u0103ri de la frontiera r\u0103s\u0103ritean\u0103 a Uniunii; <\/span><\/p>\n<p><span style=\"color: #000000;\">25.  invit\u0103 Comisia s\u0103 garanteze c\u0103 finan\u021barea UE de care beneficiaz\u0103 Republica Moldova \u00een domeniul drepturilor omului \u0219i al libert\u0103\u021bilor fundamentale are o raz\u0103 mai larg\u0103 de ac\u021biune, \u00een special prin utilizarea deplin\u0103 a instrumentului european pentru democra\u021bie \u0219i drepturile omului \u0219i a dispozi\u021biilor PEV; solicit\u0103 Comisiei s\u0103 prezinte un raport detaliat Parlamentului European cu privire la utilizarea tuturor fondurilor europene \u00een Republica Moldova, cu un accent special pe fondurile alocate bunei guvernan\u021be \u0219i dezvolt\u0103rii democratice; <\/span><\/p>\n<p><span style=\"color: #000000;\">26.  solicit\u0103 Consiliului \u0219i Comisiei s\u0103 consolideze misiunea Reprezentantului special al UE \u00een Republica Moldova, at\u00e2t \u00een ceea ce prive\u0219te sfera sa de cuprindere, c\u00e2t \u0219i mijloacele; <\/span><\/p>\n<p><span style=\"color: #000000;\">27.  \u00ee\u0219i reafirm\u0103 sprijinul pentru integritatea teritorial\u0103 a Republicii Moldova \u0219i subliniaz\u0103 c\u0103 este necesar ca UE s\u0103 aib\u0103 un rol mai puternic \u00een g\u0103sirea unei solu\u021bii la problema reprezentat\u0103 de Transnistria; <\/span><\/p>\n<p><span style=\"color: #000000;\">28.  subliniaz\u0103 \u00eenc\u0103 o dat\u0103 c\u0103 Uniunea European\u0103 trebuie s\u0103 fac\u0103 tot ceea ce \u00eei st\u0103 \u00een putin\u021b\u0103 pentru a oferi poporului moldovean un viitor cu adev\u0103rat european; \u00eendeamn\u0103 insistent toate for\u021bele politice din Republica Moldova \u0219i partenerii Moldovei s\u0103 nu profite de actuala stare de instabilitate pentru a abate Moldova de pe drumul s\u0103u c\u0103tre Europa;<\/span><\/p>\n<p><span style=\"color: #000000;\">29.  \u00eencredin\u021beaz\u0103 Pre\u0219edintelui sarcina de a transmite prezenta rezolu\u021bie Consiliului, Comisiei, Adun\u0103rilor Parlamentare ale Consiliului Europei \u0219i OSCE \u0219i Guvernului \u0219i Parlamentului Republicii Moldova.<\/span><\/p>\n<p><a href=\"http:\/\/www.europarl.europa.eu\/sides\/getDoc.do?type=MOTION&amp;reference=P6-RC-2009-0262&amp;language=RO\"><span style=\"color: #000000;\">http:\/\/www.europarl.europa.eu\/sides\/getDoc.do?type=MOTION&amp;reference=P6-RC-2009-0262&amp;language=RO<\/span><\/a><\/p>","protected":false},"excerpt":{"rendered":"<p>\u041d\u0435 \u043d\u0430\u0439\u0434\u0435\u043d\u043d\u043e For the sake of viewer convenience, the content is shown below in this site default language. You may click one of the links to switch the site language to another available language. Joi, 7 mai 2009. Rezolu\u0163ia Parlamentului European referitoare la situa\u0163ia din Republica Moldova Parlamentul European, \u2013 av\u00e2nd \u00een vedere rezolu\u021biile sale [&hellip;]<\/p>\n","protected":false},"author":2,"featured_media":0,"comment_status":"closed","ping_status":"closed","sticky":false,"template":"","format":"standard","meta":[],"categories":[44],"tags":[],"_links":{"self":[{"href":"https:\/\/alegeliber.md\/ru\/wp-json\/wp\/v2\/posts\/38"}],"collection":[{"href":"https:\/\/alegeliber.md\/ru\/wp-json\/wp\/v2\/posts"}],"about":[{"href":"https:\/\/alegeliber.md\/ru\/wp-json\/wp\/v2\/types\/post"}],"author":[{"embeddable":true,"href":"https:\/\/alegeliber.md\/ru\/wp-json\/wp\/v2\/users\/2"}],"replies":[{"embeddable":true,"href":"https:\/\/alegeliber.md\/ru\/wp-json\/wp\/v2\/comments?post=38"}],"version-history":[{"count":0,"href":"https:\/\/alegeliber.md\/ru\/wp-json\/wp\/v2\/posts\/38\/revisions"}],"wp:attachment":[{"href":"https:\/\/alegeliber.md\/ru\/wp-json\/wp\/v2\/media?parent=38"}],"wp:term":[{"taxonomy":"category","embeddable":true,"href":"https:\/\/alegeliber.md\/ru\/wp-json\/wp\/v2\/categories?post=38"},{"taxonomy":"post_tag","embeddable":true,"href":"https:\/\/alegeliber.md\/ru\/wp-json\/wp\/v2\/tags?post=38"}],"curies":[{"name":"wp","href":"https:\/\/api.w.org\/{rel}","templated":true}]}}