{"id":4029,"date":"2024-05-16T12:40:35","date_gmt":"2024-05-16T09:40:35","guid":{"rendered":"https:\/\/alegeliber.md\/?p=4029"},"modified":"2024-05-16T12:40:35","modified_gmt":"2024-05-16T09:40:35","slug":"intalnire-dintre-membrii-consiliului-calc-si-reprezentantii-consiliului-audiovizualului-ca","status":"publish","type":"post","link":"https:\/\/alegeliber.md\/ru\/intalnire-dintre-membrii-consiliului-calc-si-reprezentantii-consiliului-audiovizualului-ca-4029.html","title":{"rendered":"(Rom\u00e2n\u0103) \u00cent\u00e2lnire dintre membrii Consiliului CALC \u0219i reprezentan\u021bii Consiliului Audiovizualului (CA)\u00a0"},"content":{"rendered":"<p class=\"qtranxs-available-languages-message qtranxs-available-languages-message-ru\">\u041d\u0435 \u043d\u0430\u0439\u0434\u0435\u043d\u043d\u043e For the sake of viewer convenience, the content is shown below in the alternative language. You may click the link to switch the active language.<\/p><p>La 14 mai 2024, membrii Consiliului CALC s-au \u00eent\u00e2lnit cu reprezentan\u021bii CA pentru a discuta evolu\u021biile \u00een domeniul mass media \u0219i a efectua un schimb de opinii pe marginea provoc\u0103rilor \u00een anul electoral 2024. \u00cent\u00e2lnirea a avut loc \u00een format fizic, la sediul CA, iar subiectul discu\u021biei a abordat planurile pentru perioada electoral\u0103 (alegeri prezinden\u021biale \u0219i referendum), monitorizarea proceselor electorale \u0219i posibilitatea colabor\u0103rii CALC cu CA prin promovarea unei inform\u0103ri echilibrate \u0219i corecte<span data-ccp-props=\"{&quot;201341983&quot;:0,&quot;335551550&quot;:6,&quot;335551620&quot;:6,&quot;335557856&quot;:16777215,&quot;335559739&quot;:160,&quot;335559740&quot;:259}\">.<\/span><\/p>\n<p><img loading=\"lazy\" class=\"alignnone size-medium wp-image-4030\" src=\"https:\/\/alegeliber.md\/wp-content\/uploads\/2024\/05\/436273500_771100501876722_7490590959219989787_n-200x132.jpg\" alt=\"\" width=\"200\" height=\"132\" srcset=\"https:\/\/alegeliber.md\/wp-content\/uploads\/2024\/05\/436273500_771100501876722_7490590959219989787_n-200x132.jpg 200w, https:\/\/alegeliber.md\/wp-content\/uploads\/2024\/05\/436273500_771100501876722_7490590959219989787_n-1024x678.jpg 1024w, https:\/\/alegeliber.md\/wp-content\/uploads\/2024\/05\/436273500_771100501876722_7490590959219989787_n-100x66.jpg 100w, https:\/\/alegeliber.md\/wp-content\/uploads\/2024\/05\/436273500_771100501876722_7490590959219989787_n-768x508.jpg 768w, https:\/\/alegeliber.md\/wp-content\/uploads\/2024\/05\/436273500_771100501876722_7490590959219989787_n-1536x1016.jpg 1536w, https:\/\/alegeliber.md\/wp-content\/uploads\/2024\/05\/436273500_771100501876722_7490590959219989787_n.jpg 2048w\" sizes=\"(max-width: 200px) 100vw, 200px\" \/><\/p>\n<p>Participan\u021bii au discutat provoc\u0103rile pe care le-a avut CA \u00een monitorizarea reflect\u0103rii alegerilor locale din 2023 la TV \u0219i radio, dezvoltarea \u0219i aplicarea metodologiilor de monitorizare, precum \u0219i preg\u0103tirile legate de activitatea de control a furnizorilor care vor reflecta electorala din 2024. Un alt subiect abordat s-a referit la modific\u0103rile la Codul electoral \u0219i regulamente, rapoarte de monitorizare a presei, colaborarea cu organiza\u021bii ale societ\u0103\u021bii civile, recep\u021bionarea peti\u021biilor, procesul de monitorizare a discursului concuren\u021bilor electorali, metodologia de monitorizare a con\u021binuturilor electorale.<\/p>\n<p><img loading=\"lazy\" class=\"alignnone size-medium wp-image-4031\" src=\"https:\/\/alegeliber.md\/wp-content\/uploads\/2024\/05\/436108518_771100515210054_4753922363962263554_n-200x113.jpg\" alt=\"\" width=\"200\" height=\"113\" srcset=\"https:\/\/alegeliber.md\/wp-content\/uploads\/2024\/05\/436108518_771100515210054_4753922363962263554_n-200x113.jpg 200w, https:\/\/alegeliber.md\/wp-content\/uploads\/2024\/05\/436108518_771100515210054_4753922363962263554_n-1024x579.jpg 1024w, https:\/\/alegeliber.md\/wp-content\/uploads\/2024\/05\/436108518_771100515210054_4753922363962263554_n-100x57.jpg 100w, https:\/\/alegeliber.md\/wp-content\/uploads\/2024\/05\/436108518_771100515210054_4753922363962263554_n-768x434.jpg 768w, https:\/\/alegeliber.md\/wp-content\/uploads\/2024\/05\/436108518_771100515210054_4753922363962263554_n-1536x869.jpg 1536w, https:\/\/alegeliber.md\/wp-content\/uploads\/2024\/05\/436108518_771100515210054_4753922363962263554_n.jpg 2048w\" sizes=\"(max-width: 200px) 100vw, 200px\" \/><\/p>\n<p>\u00cen cadrul discu\u021biei au fost identificate o serie de provoc\u0103ri ale CA, printre care monitorizarea simultan\u0103 a alegerilor preziden\u021biale \u0219i a referendumului, dat\u0103 de complexitatea monitoriz\u0103rii mesajelor electorale pentru dou\u0103 procese electorale distincte, instrumente insuficiente pentru contracararea dezinform\u0103rii online \u0219i altele.<\/p>\n<p>CALC \u0219i-a ar\u0103tat deschiderea pentru colaborare pe segmentul monitoriz\u0103rii reflect\u0103rii alegerilor \u00een mass-media, cu implicarea membrilor Consiliului CALC activi pe segmentul media, pentru a\u00a0 eficientiza eforturile de monitorizare ale CA. \u00cen acela\u0219i timp, CALC a fost invitat\u0103 s\u0103 se expun\u0103 asupra metodologiei de monitorizare a con\u021binuturilor electorale. CA a \u00eendemnat societatea civil\u0103 s\u0103 sesizeze autoritatea \u00een privin\u021ba eventualelor abateri de la legisla\u021bia audiovizual\u0103 c\u00e2t mai prompt posibil.<\/p>","protected":false},"excerpt":{"rendered":"<p>\u041d\u0435 \u043d\u0430\u0439\u0434\u0435\u043d\u043d\u043e For the sake of viewer convenience, the content is shown below in the alternative language. You may click the link to switch the active language.La 14 mai 2024, membrii Consiliului CALC s-au \u00eent\u00e2lnit cu reprezentan\u021bii CA pentru a discuta evolu\u021biile \u00een domeniul mass media \u0219i a efectua un schimb de opinii pe marginea [&hellip;]<\/p>\n","protected":false},"author":10,"featured_media":0,"comment_status":"closed","ping_status":"closed","sticky":false,"template":"","format":"standard","meta":[],"categories":[3,78,1,30,55],"tags":[],"_links":{"self":[{"href":"https:\/\/alegeliber.md\/ru\/wp-json\/wp\/v2\/posts\/4029"}],"collection":[{"href":"https:\/\/alegeliber.md\/ru\/wp-json\/wp\/v2\/posts"}],"about":[{"href":"https:\/\/alegeliber.md\/ru\/wp-json\/wp\/v2\/types\/post"}],"author":[{"embeddable":true,"href":"https:\/\/alegeliber.md\/ru\/wp-json\/wp\/v2\/users\/10"}],"replies":[{"embeddable":true,"href":"https:\/\/alegeliber.md\/ru\/wp-json\/wp\/v2\/comments?post=4029"}],"version-history":[{"count":1,"href":"https:\/\/alegeliber.md\/ru\/wp-json\/wp\/v2\/posts\/4029\/revisions"}],"predecessor-version":[{"id":4032,"href":"https:\/\/alegeliber.md\/ru\/wp-json\/wp\/v2\/posts\/4029\/revisions\/4032"}],"wp:attachment":[{"href":"https:\/\/alegeliber.md\/ru\/wp-json\/wp\/v2\/media?parent=4029"}],"wp:term":[{"taxonomy":"category","embeddable":true,"href":"https:\/\/alegeliber.md\/ru\/wp-json\/wp\/v2\/categories?post=4029"},{"taxonomy":"post_tag","embeddable":true,"href":"https:\/\/alegeliber.md\/ru\/wp-json\/wp\/v2\/tags?post=4029"}],"curies":[{"name":"wp","href":"https:\/\/api.w.org\/{rel}","templated":true}]}}