{"id":404,"date":"2009-08-22T19:33:42","date_gmt":"2009-08-22T19:33:42","guid":{"rendered":"http:\/\/alegeliber.md\/?p=404"},"modified":"2010-08-23T11:08:36","modified_gmt":"2010-08-23T11:08:36","slug":"rapoartele-cij-si-api","status":"publish","type":"post","link":"https:\/\/alegeliber.md\/ru\/rapoartele-cij-si-api-404.html","title":{"rendered":"(Rom\u00e2n\u0103) Rapoartele CIJ \u015fi API"},"content":{"rendered":"<p class=\"qtranxs-available-languages-message qtranxs-available-languages-message-ru\">\u041d\u0435 \u043d\u0430\u0439\u0434\u0435\u043d\u043d\u043e For the sake of viewer convenience, the content is shown below in this site default language. You may click one of the links to switch the site language to another available language.<\/p><p><img loading=\"lazy\" src=\"https:\/\/alegeliber.md\/files\/images\/cij_logo.jpg\" border=\"0\" alt=\"\" width=\"202\" height=\"97\" align=\"left\" \/><img loading=\"lazy\" src=\"https:\/\/alegeliber.md\/files\/images\/api_logo.jpg\" border=\"0\" alt=\"\" hspace=\"10\" vspace=\"5\" width=\"137\" height=\"94\" align=\"left\" \/><span style=\"color: #000000;\"><strong>Centrul Independent de Jurnalism<\/strong> \u015fi <strong>Asocia\u0163ia Presei Independente<\/strong> monitorizeaz\u0103, \u00een cadrul Coali\u0163iei Civice pentru Alegeri Libere \u015fi Corecte &#8212; Coali\u0163ia 2009, modul \u00een care este reflectat\u0103 campania electoral\u0103 pentru alegerile parla<\/span><span style=\"color: #000000;\">mentare anticipate din 29 iulie 2009, de c\u0103tre principalele posturi de radio\/televiziune \u015fi ziare din Republica Moldova.<\/span><\/p>\n<p><span style=\"color: #000000;\">Metodologia monitoriz\u0103rii a fost elaborat\u0103 de Oxford Media Research pentru proiectele de monitorizare ale Organiza\u0163iei Interna\u0163ionale Campania Global\u0103 pentru Libertatea de Exprimare &#171;Articolul 19&#187;. Caracteristicile acestei metodologii sunt urm\u0103toarele: folosirea indicatorilor 1) cantitativi, inclusiv tipul, durata, tematica mediatiz\u0103rii, sursele \u015ftirilor, frecven\u0163a \u015fi durata apari\u0163iei concuren\u0163ilor electorali \u00een buletinele de \u015ftiri, \u015fi 2) calitativi, stabilindu-se p\u0103rtinirea postului monitorizat \u00een reflectarea evenimentelor.<\/span><\/p>\n<p>Fiecare \u015ftire sau opinie este supus\u0103 unei evalu\u0103ri de con\u0163inut \u015fi de context, pentru a determina dac\u0103 sunt favorabile sau defavorabile unui sau altui partid \/unei sau altei forma\u0163iuni politice. Un con\u0163inut \u015fi\/sau un context al \u015ftirii pozitiv ori negativ nu indic\u0103 neap\u0103rat tenden\u0163iozitatea sau partizanatul postului care difuzeaz\u0103 \u015ftirea. E posibil ca \u015ftirea s\u0103 favorizeze sau s\u0103 defavorizeze pe unul dintre subiec\u0163i, \u015fi, cu toate acestea, s\u0103 fie echidistant\u0103 \u015fi corect\u0103 din punct de vedere profesional. Numai dac\u0103 exist\u0103 tendin\u0163a, pe o anumit\u0103 perioad\u0103 de timp, ca unul dintre subiec\u0163i s\u0103 fie favorizat sau defavorizat, atunci se poate spune c\u0103 e vorba despre un dezechilibru.<\/p>\n<p><span style=\"color: #000000;\">Proiectul e realizat \u00een parteneriat cu Institutul de Marketing \u015fi Sondaje IMAS-INC Chi\u015fin\u0103u. Perioada de monitorizare: 5 februarie-5 aprilie 2009. Proiectul este finan\u0163at de c\u0103tre Funda\u0163ia Eurasia, din resursele Agen\u0163iei Suedeze pentru Cooperare \u015fi Dezvoltare Interna\u0163ional\u0103 (Sida\/Asdi) \u015fi Agen\u0163iei Statelor Unite pentru Dezvoltare Interna\u0163ional\u0103 (USAID).<\/span><\/p>\n<p><span style=\"color: #000000;\">Rapoartele pot fi desc\u0103rcate \u00een format PDF:<\/span><\/p>\n<p><span style=\"color: #000000;\"><em><a href=\"http:\/\/alegeliber.md\/files\/rapoarte\/2907_raport_1_cij_22-28_iunie.pdf\" target=\"_blank\">Raport nr.1 privind monitorizarea mass-media \u00een campania electoral\u0103 pentru alegerile parlamentare anticipate din 29 iulie 2009. Perioada de monitorizare 22-28 iunie 2009.<\/a><\/em><br \/>\n<\/span><\/p>\n<p><em><a href=\"http:\/\/alegeliber.md\/files\/rapoarte\/2907_raport_2_cij_29iunie-5iulie.pdf\" target=\"_blank\">Raport nr.2 privind monitorizarea mass-media \u00een campania electoral\u0103 pentru alegerile parlamentare anticipate din 29 iulie 2009. Perioada de monitorizare 29 iunie \u2013 5 iulie 2009.<\/a><\/em><\/p>\n<p><em><a href=\"http:\/\/alegeliber.md\/files\/rapoarte\/2907_raport_3%20cij_6-12_iulie.pdf\" target=\"_blank\">Raport nr.3 privind monitorizarea mass-media \u00een campania electoral\u0103 pentru alegerile parlamentare anticipate din 29 iulie 2009. Perioada de monitorizare 6-12 iulie 2009.<\/a><\/em><\/p>\n<p><em><span style=\"color: #3366ff;\"><a title=\"Raport CIJ 13-19 iulie.pdf\" href=\"http:\/\/alegeliber.md\/files\/rapoarte\/Raport%20CIJ%2013-19%20iulie.pdf\" target=\"_blank\">Raport nr.4 privind monitorizarea mass-media \u00een campania electoral\u0103 pentru alegerile parlamentare anticipate din 29 iulie 2009. Perioada de monitorizare 13-19 iulie 2009.<\/a><\/span><\/em><\/p>\n<p><em><span style=\"color: #3366ff;\"><a title=\"Raport CIJ 22-28 iunie.pdf\" href=\"http:\/\/alegeliber.md\/files\/rapoarte\/Raport%20CIJ%2022-28%20iunie.pdf\" target=\"_blank\">Raport nr.5 privind monitorizarea mass-media \u00een campania electoral\u0103 pentru alegerile parlamentare anticipate din 29 iulie 2009. Perioada de monitorizare 20-28 iulie 2009.<\/a><\/span><\/em><\/p>","protected":false},"excerpt":{"rendered":"<p>\u041d\u0435 \u043d\u0430\u0439\u0434\u0435\u043d\u043d\u043e For the sake of viewer convenience, the content is shown below in this site default language. You may click one of the links to switch the site language to another available language.Centrul Independent de Jurnalism \u015fi Asocia\u0163ia Presei Independente monitorizeaz\u0103, \u00een cadrul Coali\u0163iei Civice pentru Alegeri Libere \u015fi Corecte &#8212; Coali\u0163ia 2009, modul [&hellip;]<\/p>\n","protected":false},"author":8,"featured_media":0,"comment_status":"closed","ping_status":"closed","sticky":false,"template":"","format":"standard","meta":[],"categories":[50],"tags":[],"_links":{"self":[{"href":"https:\/\/alegeliber.md\/ru\/wp-json\/wp\/v2\/posts\/404"}],"collection":[{"href":"https:\/\/alegeliber.md\/ru\/wp-json\/wp\/v2\/posts"}],"about":[{"href":"https:\/\/alegeliber.md\/ru\/wp-json\/wp\/v2\/types\/post"}],"author":[{"embeddable":true,"href":"https:\/\/alegeliber.md\/ru\/wp-json\/wp\/v2\/users\/8"}],"replies":[{"embeddable":true,"href":"https:\/\/alegeliber.md\/ru\/wp-json\/wp\/v2\/comments?post=404"}],"version-history":[{"count":0,"href":"https:\/\/alegeliber.md\/ru\/wp-json\/wp\/v2\/posts\/404\/revisions"}],"wp:attachment":[{"href":"https:\/\/alegeliber.md\/ru\/wp-json\/wp\/v2\/media?parent=404"}],"wp:term":[{"taxonomy":"category","embeddable":true,"href":"https:\/\/alegeliber.md\/ru\/wp-json\/wp\/v2\/categories?post=404"},{"taxonomy":"post_tag","embeddable":true,"href":"https:\/\/alegeliber.md\/ru\/wp-json\/wp\/v2\/tags?post=404"}],"curies":[{"name":"wp","href":"https:\/\/api.w.org\/{rel}","templated":true}]}}