{"id":406,"date":"2009-08-22T19:37:24","date_gmt":"2009-08-22T19:37:24","guid":{"rendered":"http:\/\/alegeliber.md\/?p=406"},"modified":"2010-08-23T11:43:16","modified_gmt":"2010-08-23T11:43:16","slug":"rapoarte-apel-alegeri-anticipate","status":"publish","type":"post","link":"https:\/\/alegeliber.md\/ru\/rapoarte-apel-alegeri-anticipate-406.html","title":{"rendered":"Rapoarte APEL &#8212; alegeri anticipate"},"content":{"rendered":"<p class=\"qtranxs-available-languages-message qtranxs-available-languages-message-ru\">\u041d\u0435 \u043d\u0430\u0439\u0434\u0435\u043d\u043d\u043e For the sake of viewer convenience, the content is shown below in this site default language. You may click one of the links to switch the site language to another available language.<\/p><p><img src=\"\/files\/images\/im01.jpg\" border=\"0\" alt=\"\" hspace=\"10\" vspace=\"5\" align=\"left\" \/><span style=\"color: #000000;\"><strong>Asocia\u0163ia Presei Electronice din Moldova APEL<\/strong> monitorizeaz\u0103, \u00een cadrul Coali\u0163iei Civice pentru Alegeri Libere \u015fi Corecte &#8212; Coali\u0163ia 2009 prezen\u0163a actorilor politici\/electorali la principalele canale de televiziune \u00een perioada pre-electoral\u0103, electoral\u0103 \u015fi post-electoral\u0103 a alegerilor parlamentare anticipate din <\/span><span style=\"color: #000000;\">29 iulie 2009<\/span><span style=\"color: #000000;\">.<\/span><\/p>\n<p><span style=\"color: #000000;\">Proiectul este finan\u0163at de Delega\u0163ia Comisiei Europene \u00een R. Moldova \u00een cadrul Instrumentului European pentru Democra\u0163ie \u015fi Drepturile Omului \u0219i este cofinan\u0163at de Funda\u0163ia Soros-Moldova. Ini\u021biativa  urm\u0103re\u015fte s\u0103 contribuie la crearea condi\u0163iilor pentru asigurarea unui proces electoral liber, corect, transparent \u015fi democratic \u00een 2009 \u015fi la formarea deprinderilor profesionale la televiziune de a prezenta actorii politici \u015fi electorali \u00een mod echidistant, impar\u0163ial \u015fi echilibrat \u00een programele de \u015ftiri \u015fi de actualit\u0103\u0163i, emisiunile de actualitate sociopolitic\u0103 \u015fi de dezbateri televizate. \u00cen acest scop, vor fi monitorizate programele difuzate de 8 posturi tv: EuTV, NIT, N4, Prime, Pro TV, TV 7, TVC 21, 2 Plus.<\/span><\/p>\n<p><span style=\"color: #000000;\">Echipa de monitorizare va urm\u0103ri conformitatea activit\u0103\u0163ii canalelor tv cu prevederile legisla\u0163iei \u00een vigoare, Regulamentului CEC de reflectare a campaniei electorale de c\u0103tre institu\u0163iile audiovizualului, Codului de conduit\u0103 al radiodifuzorului, va evalua rezultatele monitoriz\u0103rii canalelor tv \u015fi le va face publice \u00een cadrul conferin\u0163elor de pres\u0103 lunare, iar \u00een perioada campaniei electorale \u2013 \u00een cadrul conferin\u0163elor de pres\u0103 s\u0103pt\u0103m\u00e2nale. Totodat\u0103, se va analiza comportamentul canalelor tv pentru a identifica \u015fi a sistematiza derog\u0103rile de la normele juridice \u015fi deontologice, cu scopul de a edita un ghid de practici bune de reflectare a campaniei electorale \u00een mass-media.<\/span><\/p>\n<p><span style=\"color: #000000;\">\u00cen baza evalu\u0103rii \u015fi sistematiz\u0103rii datelor vor fi \u00eentocmite rapoarte de monitorizare lunare (\u00een perioada campaniei electorale \u2013 s\u0103pt\u0103m\u00e2nale). Toate rapoartele vor fi distribuite televiziunilor monitorizate, presei, comisiilor parlamentare de resort, CEC, CCA, ONG-urilor de profil, organismelor interna\u0163ionale preocupate de desf\u0103\u015furarea corect\u0103 a procesului electoral.<\/span><\/p>\n<p><a href=\"http:\/\/alegeliber.md\/files\/rapoarte\/2907_apel_raport_1.pdf\" target=\"_blank\"><em>Raport Nr.1 de monitorizare a prezen\u0163ei actorilor politici\/electorali \u00een programele posturilor de televiziune \u00een perioada campaniei electorale pentru alegerile parlamentare anticipate din 29 iulie 2009. Perioada: 17 \u2013 30 iunie 2009<\/em><\/a><a href=\"http:\/\/alegeliber.md\/files\/rapoarte\/2907_apel_raport_1.pdf\" target=\"_blank\"><em><strong><\/strong><\/em><\/a><\/p>\n<p><em><span style=\"color: #3366ff;\"><a title=\"APEL_Raport Monitorizare_01-14 iulie_rom.pdf\" href=\"http:\/\/alegeliber.md\/files\/rapoarte\/APEL_Raport%20Monitorizare_01-14%20iulie_rom.pdf\" target=\"_blank\">Raport Nr.2 de monitorizare a prezen\u021bei actorilor politici\/electorali \u00een programele posturilor de televiziune \u00een perioada campaniei electorale pentru alegerile parlamentare anticipate din 29 iulie 2009. Perioada: 01 \u2013 14 iulie 2009<\/a><\/span><\/em><br \/>\n<em><span style=\"color: #3366ff;\"><a title=\"APEL_Raport Monitorizare_15 - 21 iulie_rom.pdf\" href=\"http:\/\/alegeliber.md\/files\/rapoarte\/APEL_Raport%20Monitorizare_15%20-%2021%20iulie_rom.pdf\" target=\"_blank\">Raport Nr.3 de monitorizare a prezen\u0163ei actorilor politici\/electorali \u00een programele posturilor de televiziune \u00een perioada campaniei electorale pentru alegerile parlamentare anticipate din 29 iulie 2009. Perioada: 15 \u2013 21 iulie 2009<\/a><\/span><\/em><\/p>","protected":false},"excerpt":{"rendered":"<p>\u041d\u0435 \u043d\u0430\u0439\u0434\u0435\u043d\u043d\u043e For the sake of viewer convenience, the content is shown below in this site default language. You may click one of the links to switch the site language to another available language.Asocia\u0163ia Presei Electronice din Moldova APEL monitorizeaz\u0103, \u00een cadrul Coali\u0163iei Civice pentru Alegeri Libere \u015fi Corecte &#8212; Coali\u0163ia 2009 prezen\u0163a actorilor politici\/electorali [&hellip;]<\/p>\n","protected":false},"author":8,"featured_media":431,"comment_status":"closed","ping_status":"closed","sticky":false,"template":"","format":"standard","meta":[],"categories":[50],"tags":[],"_links":{"self":[{"href":"https:\/\/alegeliber.md\/ru\/wp-json\/wp\/v2\/posts\/406"}],"collection":[{"href":"https:\/\/alegeliber.md\/ru\/wp-json\/wp\/v2\/posts"}],"about":[{"href":"https:\/\/alegeliber.md\/ru\/wp-json\/wp\/v2\/types\/post"}],"author":[{"embeddable":true,"href":"https:\/\/alegeliber.md\/ru\/wp-json\/wp\/v2\/users\/8"}],"replies":[{"embeddable":true,"href":"https:\/\/alegeliber.md\/ru\/wp-json\/wp\/v2\/comments?post=406"}],"version-history":[{"count":0,"href":"https:\/\/alegeliber.md\/ru\/wp-json\/wp\/v2\/posts\/406\/revisions"}],"wp:featuredmedia":[{"embeddable":true,"href":"https:\/\/alegeliber.md\/ru\/wp-json\/wp\/v2\/media\/431"}],"wp:attachment":[{"href":"https:\/\/alegeliber.md\/ru\/wp-json\/wp\/v2\/media?parent=406"}],"wp:term":[{"taxonomy":"category","embeddable":true,"href":"https:\/\/alegeliber.md\/ru\/wp-json\/wp\/v2\/categories?post=406"},{"taxonomy":"post_tag","embeddable":true,"href":"https:\/\/alegeliber.md\/ru\/wp-json\/wp\/v2\/tags?post=406"}],"curies":[{"name":"wp","href":"https:\/\/api.w.org\/{rel}","templated":true}]}}