{"id":4091,"date":"2024-09-26T14:22:16","date_gmt":"2024-09-26T11:22:16","guid":{"rendered":"https:\/\/alegeliber.md\/?p=4091"},"modified":"2024-10-04T14:23:49","modified_gmt":"2024-10-04T11:23:49","slug":"retrospectiva-celor-patru-referendumuri-republicane-organizate-in-ultimele-trei-decenii","status":"publish","type":"post","link":"https:\/\/alegeliber.md\/ru\/retrospectiva-celor-patru-referendumuri-republicane-organizate-in-ultimele-trei-decenii-4091.html","title":{"rendered":"(Rom\u00e2n\u0103) Retrospectiva celor patru referendumuri republicane organizate \u00een ultimele trei decenii"},"content":{"rendered":"<p class=\"qtranxs-available-languages-message qtranxs-available-languages-message-ru\">\u041d\u0435 \u043d\u0430\u0439\u0434\u0435\u043d\u043d\u043e For the sake of viewer convenience, the content is shown below in the alternative language. You may click the link to switch the active language.<\/p><p>Igor Bo\u021ban, director executiv al Asocia\u021biei ADEPT, prezint\u0103 o retrospectiv\u0103 a celor patru referendumuri republicane organizate \u00een ultimele trei decenii.<\/p>\n<p><img loading=\"lazy\" class=\"alignnone size-medium wp-image-4092\" src=\"https:\/\/alegeliber.md\/wp-content\/uploads\/2024\/10\/460941419_1092343429558454_3117447801375494843_n-183x200.jpg\" alt=\"\" width=\"183\" height=\"200\" srcset=\"https:\/\/alegeliber.md\/wp-content\/uploads\/2024\/10\/460941419_1092343429558454_3117447801375494843_n-183x200.jpg 183w, https:\/\/alegeliber.md\/wp-content\/uploads\/2024\/10\/460941419_1092343429558454_3117447801375494843_n-940x1024.jpg 940w, https:\/\/alegeliber.md\/wp-content\/uploads\/2024\/10\/460941419_1092343429558454_3117447801375494843_n-92x100.jpg 92w, https:\/\/alegeliber.md\/wp-content\/uploads\/2024\/10\/460941419_1092343429558454_3117447801375494843_n-768x837.jpg 768w, https:\/\/alegeliber.md\/wp-content\/uploads\/2024\/10\/460941419_1092343429558454_3117447801375494843_n-1409x1536.jpg 1409w, https:\/\/alegeliber.md\/wp-content\/uploads\/2024\/10\/460941419_1092343429558454_3117447801375494843_n.jpg 1879w\" sizes=\"(max-width: 183px) 100vw, 183px\" \/><\/p>\n<p><strong>Pe 20 octombrie, cet\u0103\u021benii R. Moldova sunt chema\u021bi s\u0103 participe la un referendum constitu\u021bional pentru a-\u0219i manifesta op\u021biunea fa\u021b\u0103 de perspectiva ader\u0103rii R. Moldova la Uniunea European\u0103 (UE). Ce experien\u021b\u0103 are R. Moldova privind organizarea, desf\u0103\u0219urarea \u0219i respectarea deciziilor referendumurilor?<\/strong><\/p>\n<p><strong>Primul referendum<\/strong>\u00a0a precedat adoptarea Constitu\u021biei, fiind echivalat cu un sondaj sociologic intitulat \u201eLa sfat cu poporul\u201d, ini\u021biat de pre\u0219edintele de atunci, Mircea Snegur. Plebiscitul a avut loc pe 6 martie 1994, la o s\u0103pt\u0103m\u00e2n\u0103 de la alegerile parlamentare. \u00centrebarea la care urmau s\u0103 r\u0103spund\u0103 cet\u0103\u021benii era: \u201eSunte\u021bi pentru ca R. Moldova s\u0103 se dezvolte ca un stat independent \u0219i unitar, \u00een frontierele recunoscute \u00een ziua proclam\u0103rii suveranit\u0103\u021bii Moldovei (23.06.1990), care s\u0103 promoveze o politic\u0103 de neutralitate \u0219i s\u0103 men\u021bin\u0103 rela\u021bii economice reciproc avantajoase cu toate \u021b\u0103rile lumii \u0219i s\u0103 garanteze cet\u0103\u021benilor s\u0103i drepturi egale, \u00een conformitate cu normele dreptului interna\u021bional?\u201d<\/p>\n<p>Rata de participare la referendum a fost mai mic\u0103 dec\u00e2t la alegerile parlamentare din 27 februarie 1994 \u2013 79,31%. La \u00eentrebarea propus\u0103, 95,4% au r\u0103spuns \u201eDA\u201d, iar 2% \u2013 \u201eNU\u201d.\u00a0 \u201eR\u0103spunsul afirmativ a pus bazele viitoarei Constitu\u021bii, el constituie liantul ce va garanta restabilirea integrit\u0103\u021bii teritoriale \u0219i politice a statului nostru\u201d, declarase Mircea Snegur.<\/p>\n<p><strong>Al doilea referendum\u00a0<\/strong>a vizat trecerea la regimul preziden\u021bial de guvernare \u00een locul celui semi-preziden\u021bial. Acesta a avut loc pe 23 mai 1999, fiind ini\u021biat de pre\u0219edintele Petru Lucinschi. Decretul de ini\u021biere a referendumului fusese semnat \u00een v\u0103zul cet\u0103\u021benilor la 22 martie 1999, \u00een cadrul unei emisiuni TV. S-a \u00eencercat punerea opiniei publice \u0219i a clasei\u00a0 politice \u00een fa\u021ba faptului \u00eemplinit, f\u0103r\u0103 consultarea Parlamentului. \u00cen consecin\u021b\u0103, gestul a avut urm\u0103ri contrare scopului urm\u0103rit de Petru Lucinschi. \u00centrebarea adresat\u0103 a fost: \u201eSunte\u0163i pentru modificarea Constitu\u0163iei \u00een scopul instituirii sistemului preziden\u0163ial de guvernare \u00een R. Moldova, \u00een cadrul c\u0103ruia Pre\u015fedintele ar fi responsabil de formarea \u015fi conducerea Guvernului, precum \u015fi de rezultatele guvern\u0103rii \u0163\u0103rii?\u201d<\/p>\n<p>Din cei 2 382 457 de aleg\u0103tori \u00eenscri\u0219i \u00een liste, la referendum au participat 1 389 731 \u2013\u00a0 58,33%. De\u0219i Codul electoral prevedea c\u0103 CEC poate invalida referendumul republican dac\u0103 au participat mai pu\u0163in de 3\/5 din num\u0103rul persoanelor \u00eenscrise \u00een liste, organul electoral l-a validat. La \u00eentrebarea supus\u0103 referendumului, 55,33% din participan\u021bi au r\u0103spuns afirmativ, \u00een timp ce 30,85% au r\u0103spuns negativ.<\/p>\n<p><strong>Prin intermediul celui de-al treilea referendum,<\/strong>\u00a0din 5 septembrie 2010, majoritatea parlamentar\u0103 a Alian\u021bei pentru Integrare European\u0103 (AIE) a \u00eencercat s\u0103 dep\u0103\u0219easc\u0103 criza\u00a0 politic\u0103\u00a0 provocat\u0103 de evenimentele din 7 aprilie 2009. Antagonismele dintre AIE \u0219i PCRM atinseser\u0103\u00a0 limita dup\u0103 care devenise imposibil compromisul pentru alegerea pre\u0219edintelui cu votul a cel pu\u021bin 3\/5 din num\u0103rul deputa\u021bilor. Necesitatea atingerii compromisului de c\u0103tre majoritatea parlamentar\u0103 \u0219i opozi\u021bie a \u0219i fost principalul motiv de revizuire a Constitu\u021biei pentru trecerea la regimul parlamentar de guvernare. \u00cenainte de referendum, majoritatea parlamentar\u0103 a modificat legisla\u021bia astfel ca plebiscitul s\u0103 poat\u0103 fi declarat valabil dac\u0103 la urne se prezint\u0103 cel pu\u021bin 1\/3 din aleg\u0103tori, dar asta nu a ajutat. Prezen\u021ba la vot a fost de 30%, referendumul fiind invalidat.<\/p>\n<p><strong>Cel de-al patrulea referendum\u00a0<\/strong>urm\u0103rea revizuirea Legii supreme \u00een vederea alegerii directe de c\u0103tre cet\u0103\u021beni a \u0219efului statului, ace\u0219tia fiind chema\u021bi s\u0103 r\u0103spund\u0103 la dou\u0103 \u00eentreb\u0103ri: reducerea num\u0103rului de deputa\u021bi \u0219i revocarea din func\u021bie a deputatului c\u00e2nd acesta nu-\u0219i \u00eendepline\u0219te atribu\u021biile. Referendumul din 24 februarie 2019 a fost ini\u021biat de Parlament \u0219i s-a desf\u0103\u0219urat \u00een aceea\u0219i zi cu alegerile parlamentare. Acesta \u021bintea reformarea clasei politice \u00een trei faze: 1) modificarea sistemului electoral; 2) organizarea referendumului consultativ privind reducerea num\u0103rului deputa\u021bilor \u0219i posibilitatea revoc\u0103rii acestora; 3) revizuirea Constitu\u021biei privind realizarea punctelor aprobate \u00een cadrul referendumului. Prezen\u021ba la vot a fost suficient\u0103 ca referendumul s\u0103 fie validat. Peste 73% dintre aleg\u0103tori au votat pentru reducerea num\u0103rului de deputa\u021bi, iar 80% au votat pentru rechemarea deputa\u021bilor, dar modific\u0103ri legislative nu au urmat.<\/p>\n<p><strong>Urm\u0103torul, cel de-al cincilea referendum,\u00a0<\/strong>programat pentru 20 octombrie 2024, \u00ee\u0219i propune revizuirea Constitu\u021biei \u00een vederea cre\u0103rii cadrului constitu\u021bional pentru aderarea R. Moldova la UE. Referendumul va avea loc \u00een ziua alegerilor preziden\u021biale.<\/p>\n<p>Principala lec\u021bie \u00eensu\u0219it\u0103 de pe urma referendumurilor precedente este c\u0103 rata de participare depinde de comasarea cu alegerile de orice tip, or, referendumurile desf\u0103\u0219urate concomitent cu alegerile au fost validate. \u00cen dou\u0103 cazuri referendumurile \u0219i alegerile s-au desf\u0103\u0219urat \u00een aceea\u0219i zi, iar \u00eentr-un caz \u2013 la distan\u021b\u0103 de o s\u0103pt\u0103m\u00e2n\u0103. Singurul caz de invalidare a unui referendum a avut loc atunci c\u00e2nd acesta s-a desf\u0103\u0219urat \u00een afara unor alegeri pentru func\u021bii elective.<\/p>","protected":false},"excerpt":{"rendered":"<p>\u041d\u0435 \u043d\u0430\u0439\u0434\u0435\u043d\u043d\u043e For the sake of viewer convenience, the content is shown below in the alternative language. You may click the link to switch the active language.Igor Bo\u021ban, director executiv al Asocia\u021biei ADEPT, prezint\u0103 o retrospectiv\u0103 a celor patru referendumuri republicane organizate \u00een ultimele trei decenii. Pe 20 octombrie, cet\u0103\u021benii R. Moldova sunt chema\u021bi s\u0103 [&hellip;]<\/p>\n","protected":false},"author":10,"featured_media":0,"comment_status":"closed","ping_status":"closed","sticky":false,"template":"","format":"standard","meta":[],"categories":[5,31,26,1,55],"tags":[],"_links":{"self":[{"href":"https:\/\/alegeliber.md\/ru\/wp-json\/wp\/v2\/posts\/4091"}],"collection":[{"href":"https:\/\/alegeliber.md\/ru\/wp-json\/wp\/v2\/posts"}],"about":[{"href":"https:\/\/alegeliber.md\/ru\/wp-json\/wp\/v2\/types\/post"}],"author":[{"embeddable":true,"href":"https:\/\/alegeliber.md\/ru\/wp-json\/wp\/v2\/users\/10"}],"replies":[{"embeddable":true,"href":"https:\/\/alegeliber.md\/ru\/wp-json\/wp\/v2\/comments?post=4091"}],"version-history":[{"count":1,"href":"https:\/\/alegeliber.md\/ru\/wp-json\/wp\/v2\/posts\/4091\/revisions"}],"predecessor-version":[{"id":4093,"href":"https:\/\/alegeliber.md\/ru\/wp-json\/wp\/v2\/posts\/4091\/revisions\/4093"}],"wp:attachment":[{"href":"https:\/\/alegeliber.md\/ru\/wp-json\/wp\/v2\/media?parent=4091"}],"wp:term":[{"taxonomy":"category","embeddable":true,"href":"https:\/\/alegeliber.md\/ru\/wp-json\/wp\/v2\/categories?post=4091"},{"taxonomy":"post_tag","embeddable":true,"href":"https:\/\/alegeliber.md\/ru\/wp-json\/wp\/v2\/tags?post=4091"}],"curies":[{"name":"wp","href":"https:\/\/api.w.org\/{rel}","templated":true}]}}