{"id":4365,"date":"2025-11-13T12:48:41","date_gmt":"2025-11-13T10:48:41","guid":{"rendered":"https:\/\/alegeliber.md\/?p=4365"},"modified":"2025-11-13T12:48:41","modified_gmt":"2025-11-13T10:48:41","slug":"calc-la-atelierul-international-privind-amenintarile-hibride-si-interferenta-externa","status":"publish","type":"post","link":"https:\/\/alegeliber.md\/ru\/calc-la-atelierul-international-privind-amenintarile-hibride-si-interferenta-externa-4365.html","title":{"rendered":"(Rom\u00e2n\u0103) CALC la atelierul interna\u021bional privind amenin\u021b\u0103rile hibride \u0219i interferen\u021ba extern\u0103"},"content":{"rendered":"<p class=\"qtranxs-available-languages-message qtranxs-available-languages-message-ru\">\u041d\u0435 \u043d\u0430\u0439\u0434\u0435\u043d\u043d\u043e For the sake of viewer convenience, the content is shown below in this site default language. You may click one of the links to switch the site language to another available language.<\/p><p><\/p>\n<p data-start=\"230\" data-end=\"594\">\u00cen perioada 6\u20137 noiembrie, membrii Consiliului Coali\u021biei pentru Alegeri Libere \u0219i Corecte (CALC) au participat la atelierul de lucru \u201eAmenin\u021b\u0103ri hibride \u0219i interferen\u021ba extern\u0103 \u00een vecin\u0103tatea Uniunii Europene\u201d, organizat la Chi\u0219in\u0103u de <strong data-start=\"466\" data-end=\"523\">Institutul pentru Politici \u0219i Reforme Europene (IPRE)<\/strong>, \u00een parteneriat cu <strong data-start=\"543\" data-end=\"593\">Consiliul German pentru Afaceri Externe (DGAP)<\/strong>.<\/p>\n<p data-start=\"596\" data-end=\"857\">Evenimentul a reunit 25 de cercet\u0103tori \u0219i exper\u021bi \u00een securitate din Armenia, Georgia, Ucraina, Rom\u00e2nia, Germania, Marea Britanie \u0219i Republica Moldova, cre\u00e2nd un cadru de dialog strategic privind riscurile hibride cu care se confrunt\u0103 statele din vecin\u0103tatea UE.<\/p>\n<p data-start=\"859\" data-end=\"919\">Pe durata celor dou\u0103 zile, participan\u021bii au discutat despre:<\/p>\n<ul data-start=\"920\" data-end=\"1104\">\n<li data-start=\"920\" data-end=\"945\">\n<p data-start=\"922\" data-end=\"945\">amenin\u021b\u0103ri cibernetice,<\/p>\n<\/li>\n<li data-start=\"946\" data-end=\"1003\">\n<p data-start=\"948\" data-end=\"1003\">finan\u021barea ilegal\u0103 a partidelor \u0219i corup\u021bia electoral\u0103,<\/p>\n<\/li>\n<li data-start=\"1004\" data-end=\"1050\">\n<p data-start=\"1006\" data-end=\"1050\">dezinformarea \u0219i manipularea informa\u021bional\u0103,<\/p>\n<\/li>\n<li data-start=\"1051\" data-end=\"1104\">\n<p data-start=\"1053\" data-end=\"1104\">vulnerabilit\u0103\u021bile democratice \u00een context electoral.<\/p>\n<\/li>\n<\/ul>\n<p data-start=\"1106\" data-end=\"1455\">CALC a fost reprezentat\u0103 de <strong data-start=\"1134\" data-end=\"1174\">Polina Panainte, secretara Coali\u021biei<\/strong>, care a intervenit \u00een calitate de speaker. \u00cen prezentarea sa, aceasta a eviden\u021biat experien\u021ba CALC \u00een monitorizarea proceselor electorale, \u00een semnalarea riscurilor de interferen\u021b\u0103 extern\u0103 \u0219i \u00een consolidarea rezilien\u021bei societale prin transparen\u021b\u0103 \u0219i cooperare interinstitu\u021bional\u0103.<\/p>\n<p data-start=\"1457\" data-end=\"1701\">Participan\u021bii au avut ocazia s\u0103 afle direct despre m\u0103surile adoptate de autorit\u0103\u021bile Republicii Moldova pentru contracararea ingerin\u021belor externe \u00een contextul alegerilor parlamentare, precum \u0219i despre lec\u021biile relevante pentru \u00eentreaga regiune.<\/p>\n<p data-start=\"1703\" data-end=\"1871\">Atelierul a fost organizat \u00een cadrul proiectului \u201eRe\u021beaua centrelor de cercetare din regiunea Parteneriatului Estic\u201d, implementat de DGAP cu sprijinul Uniunii Europene.<\/p>\n<p><\/p>","protected":false},"excerpt":{"rendered":"<p>\u041d\u0435 \u043d\u0430\u0439\u0434\u0435\u043d\u043d\u043e For the sake of viewer convenience, the content is shown below in this site default language. You may click one of the links to switch the site language to another available language. \u00cen perioada 6\u20137 noiembrie, membrii Consiliului Coali\u021biei pentru Alegeri Libere \u0219i Corecte (CALC) au participat la atelierul de lucru \u201eAmenin\u021b\u0103ri hibride [&hellip;]<\/p>\n","protected":false},"author":12,"featured_media":4366,"comment_status":"closed","ping_status":"closed","sticky":false,"template":"","format":"standard","meta":[],"categories":[1],"tags":[],"_links":{"self":[{"href":"https:\/\/alegeliber.md\/ru\/wp-json\/wp\/v2\/posts\/4365"}],"collection":[{"href":"https:\/\/alegeliber.md\/ru\/wp-json\/wp\/v2\/posts"}],"about":[{"href":"https:\/\/alegeliber.md\/ru\/wp-json\/wp\/v2\/types\/post"}],"author":[{"embeddable":true,"href":"https:\/\/alegeliber.md\/ru\/wp-json\/wp\/v2\/users\/12"}],"replies":[{"embeddable":true,"href":"https:\/\/alegeliber.md\/ru\/wp-json\/wp\/v2\/comments?post=4365"}],"version-history":[{"count":1,"href":"https:\/\/alegeliber.md\/ru\/wp-json\/wp\/v2\/posts\/4365\/revisions"}],"predecessor-version":[{"id":4367,"href":"https:\/\/alegeliber.md\/ru\/wp-json\/wp\/v2\/posts\/4365\/revisions\/4367"}],"wp:featuredmedia":[{"embeddable":true,"href":"https:\/\/alegeliber.md\/ru\/wp-json\/wp\/v2\/media\/4366"}],"wp:attachment":[{"href":"https:\/\/alegeliber.md\/ru\/wp-json\/wp\/v2\/media?parent=4365"}],"wp:term":[{"taxonomy":"category","embeddable":true,"href":"https:\/\/alegeliber.md\/ru\/wp-json\/wp\/v2\/categories?post=4365"},{"taxonomy":"post_tag","embeddable":true,"href":"https:\/\/alegeliber.md\/ru\/wp-json\/wp\/v2\/tags?post=4365"}],"curies":[{"name":"wp","href":"https:\/\/api.w.org\/{rel}","templated":true}]}}