{"id":50,"date":"2009-07-14T00:00:00","date_gmt":"2009-07-14T00:00:00","guid":{"rendered":""},"modified":"2011-06-02T17:21:06","modified_gmt":"2011-06-02T17:21:06","slug":"compromolex140709","status":"publish","type":"post","link":"https:\/\/alegeliber.md\/ru\/compromolex140709-50.html","title":{"rendered":"COMUNICAT DE PRES\u0102. PRIMUL RAPORT PROMO-LEX DE MONITORIZARE A ALEGERILOR PARLAMENTARE ANTICIPATE DIN 29 IULIE 2009"},"content":{"rendered":"<p class=\"qtranxs-available-languages-message qtranxs-available-languages-message-ru\">\u041d\u0435 \u043d\u0430\u0439\u0434\u0435\u043d\u043d\u043e For the sake of viewer convenience, the content is shown below in this site default language. You may click one of the links to switch the site language to another available language.<\/p><p><\/p>\n<h3><span style=\"font-family: verdana,geneva; color: #000000;\">COMUNICAT DE PRES\u0102. PRIMUL RAPORT PROMO-LEX DE MONITORIZARE A ALEGERILOR PARLAMENTARE ANTICIPATE DIN 29 IULIE 2009<\/span><\/h3>\n<div><span style=\"font-family: verdana,geneva; color: #000000;\"><img src=\"files\/images\/conferinta%20promo-lex%20web.jpg\" border=\"0\" alt=\"promo lex raport 1\" hspace=\"10\" vspace=\"5\" align=\"left\" \/><\/span><span style=\"font-family: verdana,geneva; color: #000000;\"><strong><em>Chi\u015fin\u0103u, 14 iulie 2009<\/em><\/strong><\/span><span style=\"font-family: verdana,geneva; color: #000000;\">. Asocia\u0163ia Promo-LEX a lansat ast\u0103zi primul raport de monitorizare a alegerilor parlamentare anticipate din 29 iulie 2009. Procesul de monitorizare s-a realizat \u00een 7 circumscrip\u0163ii electorale: Flore\u015fti, Rezina, Dub\u0103sari, Anenii Noi, C\u0103u\u015feni, \u015etefan Vod\u0103 \u015fi regiunea transnistrean\u0103 a Republicii Moldova. Primul raport de monitorizare se refer\u0103 la perioada 16 iunie \u2013 11 iulie 2009.<\/span><\/div>\n<p><span style=\"font-family: verdana,geneva; color: #000000;\">\u201ePrin intermediul acestui proiect de monitorizare, ne dorim asigurarea unor alegeri libere \u015fi corecte \u00een toat\u0103 \u0163ara. Av\u00e2nd experien\u0163a monitoriz\u0103rii procesului electoral \u00een regiunea transnistrean\u0103, de data aceasta am hot\u0103r\u00e2t s\u0103 facem mai mult. La acest scrutin observ\u0103m procesul electoral \u015fi \u00een unele raioane din dreapta Nistrului, adic\u0103 \u00een cele \u00een care tradi\u0163ional sunt deschise sec\u0163ii de votare pentru aleg\u0103torii domicilia\u0163i \u00een regiunea transnistrean\u0103\u201d, a declarat Ion Manole, Pre\u015fedintele Asocia\u0163iei Promo-LEX.<\/span><\/p>\n<p><span style=\"font-family: verdana,geneva; color: #000000;\">\u00cen primul raport de monitorizare se constat\u0103 faptul c\u0103 desf\u0103\u015furarea procesului electoral se caracterizeaz\u0103 printr-o serie de tendin\u0163e care ar putea limita posibilit\u0103\u0163ile de exercitare a dreptului de vot a unor grupuri de aleg\u0103tori \u015fi \u00eent\u00e2rzieri \u00een executarea planului calendaristic stabilit de Comisia Electoral\u0103 Central\u0103.<\/span><\/p>\n<p><span style=\"font-family: verdana,geneva; color: #000000;\">\u201ePrin stabilirea datei alegerilor \u00eentr-o zi de lucru, aleg\u0103torilor moldoveni afla\u0163i peste hotare, \u015fi celor din regiunea transnistrean\u0103, li se limiteaz\u0103 dreptul la vot. Obliga\u0163ia de a vota la locul de re\u015fedin\u0163\u0103 temporar\u0103 \u015fi lipsa unor reglement\u0103ri suplimentare complic\u0103 participarea aleg\u0103torilor care \u00ee\u015fi fac studiile \u00een institu\u0163iile de \u00eenv\u0103\u0163\u0103m\u00e2nt din afara localit\u0103\u0163ilor de domiciliu\u201d, a afirmat Ion Guzun, jurist Promo-LEX.<\/span><\/p>\n<p><span style=\"font-family: verdana,geneva; color: #000000;\">Observatorii au constatat cazuri de influen\u0163\u0103 abuziv\u0103 asupra aleg\u0103torilor, implicarea excesiv\u0103 a for\u0163elor de ordine \u00een activit\u0103\u0163i electorale, implicarea minorilor \u00een activit\u0103\u0163i de campanie \u015fi tratament preferen\u0163ial din partea autorit\u0103\u0163ilor publice locale fa\u0163\u0103 de unii concuren\u0163i electorali.<\/span><\/p>\n<p><span style=\"font-family: verdana,geneva; color: #000000;\">C\u0103tre sf\u00e2r\u015fitul perioadei monitorizate, Consiliile Electorale Raionale nu au f\u0103cut publice informa\u0163ii cu privire la hotarele sec\u0163iilor de votare, adresa \u015fi informa\u0163iile de contact ale sec\u0163iilor de votare, \u00een pofida unui termen limit\u0103 stabilit pentru data de 3 iulie. De asemenea, Comisia Electoral\u0103 Central\u0103 nu a reu\u015fit s\u0103 colecteze \u00een termenii stabili\u0163i listele electorale preliminare de la administra\u0163iile publice locale, unele liste prezentate fiind incomplete.<\/span><\/p>\n<p><span style=\"font-family: verdana,geneva; color: #000000;\">Observatorii Promo-LEX au constatat c\u0103 recomand\u0103rile formulate de grupurile de monitorizare na\u0163ionale din 2009 \u015fi 2005 au fost implementate \u00eentr-o m\u0103sur\u0103 redus\u0103 \u015fi selectiv\u0103. Pentru alegerile anticipate din 29 iulie 2009, administra\u0163ia electoral\u0103 nu a anun\u0163at deschiderea unor sec\u0163ii de votare suplimentare pentru asigurarea dreptului de vot a cet\u0103\u0163enilor domicilia\u0163i \u00een regiunea transnistrean\u0103. Autorit\u0103\u0163ile abilitate nu au investigat cazurile de \u00eenc\u0103lcare ale legisla\u0163iei electorale, semnalate de grupurile de monitorizare. Calitatea listelor electorale continu\u0103 a fi o \u00eengrijorare major\u0103. R\u0103m\u00e2ne neclar cui revine responsabilitatea final\u0103 pentru \u00eentocmirea listelor electorale. Administra\u0163ia electoral\u0103 a dispus aplicarea unei \u015ftampile distinctive \u00een fi\u015fele de \u00eenso\u0163ire ale aleg\u0103torilor, f\u0103r\u0103 a \u00eentreprinde alte m\u0103suri de prevenire a votului multiplu.<\/span><\/p>\n<p><span style=\"font-family: verdana,geneva; color: #000000;\">Promo-LEX va continua monitorizarea procesului electoral \u015fi va publica alte rapoarte de monitorizare p\u00e2n\u0103 la ziua alegerilor. Proiectul este implementat cu suportul financiar oferit de c\u0103tre National Endowment for Democracy (NED).<\/span><\/p>\n<p><span style=\"font-family: verdana,geneva; color: #000000;\">Pentru informa\u0163ii suplimentare v\u0103 rug\u0103m s\u0103 contacta\u0163i: Pre\u015fedintele Asocia\u0163iei Promo-LEX, Ion Manole, tel. 49.26.84, e-mail: info@promolex.md<\/span><\/p>\n<p><span style=\"color: #000000;\"><strong>Raport integral:<\/strong> <a href=\"files\/rapoarte\/I%20Raport%20Promo-LEX_16%20iunie%20-%2011%20iulie%202009.pdf\" target=\"_blank\">PDF<\/a> <\/span><\/p>","protected":false},"excerpt":{"rendered":"<p>\u041d\u0435 \u043d\u0430\u0439\u0434\u0435\u043d\u043d\u043e For the sake of viewer convenience, the content is shown below in this site default language. You may click one of the links to switch the site language to another available language. COMUNICAT DE PRES\u0102. PRIMUL RAPORT PROMO-LEX DE MONITORIZARE A ALEGERILOR PARLAMENTARE ANTICIPATE DIN 29 IULIE 2009 Chi\u015fin\u0103u, 14 iulie 2009. Asocia\u0163ia [&hellip;]<\/p>\n","protected":false},"author":2,"featured_media":0,"comment_status":"closed","ping_status":"closed","sticky":false,"template":"","format":"standard","meta":[],"categories":[49],"tags":[],"_links":{"self":[{"href":"https:\/\/alegeliber.md\/ru\/wp-json\/wp\/v2\/posts\/50"}],"collection":[{"href":"https:\/\/alegeliber.md\/ru\/wp-json\/wp\/v2\/posts"}],"about":[{"href":"https:\/\/alegeliber.md\/ru\/wp-json\/wp\/v2\/types\/post"}],"author":[{"embeddable":true,"href":"https:\/\/alegeliber.md\/ru\/wp-json\/wp\/v2\/users\/2"}],"replies":[{"embeddable":true,"href":"https:\/\/alegeliber.md\/ru\/wp-json\/wp\/v2\/comments?post=50"}],"version-history":[{"count":0,"href":"https:\/\/alegeliber.md\/ru\/wp-json\/wp\/v2\/posts\/50\/revisions"}],"wp:attachment":[{"href":"https:\/\/alegeliber.md\/ru\/wp-json\/wp\/v2\/media?parent=50"}],"wp:term":[{"taxonomy":"category","embeddable":true,"href":"https:\/\/alegeliber.md\/ru\/wp-json\/wp\/v2\/categories?post=50"},{"taxonomy":"post_tag","embeddable":true,"href":"https:\/\/alegeliber.md\/ru\/wp-json\/wp\/v2\/tags?post=50"}],"curies":[{"name":"wp","href":"https:\/\/api.w.org\/{rel}","templated":true}]}}