{"id":599,"date":"2010-09-13T09:51:11","date_gmt":"2010-09-13T09:51:11","guid":{"rendered":"http:\/\/alegeliber.md\/?p=599"},"modified":"2010-09-16T13:06:37","modified_gmt":"2010-09-16T13:06:37","slug":"alegeri-par%c8%9bial-corecte-si-partial-libere-intr-un-climat-general-mai-bun-al-campaniei-electorale","status":"publish","type":"post","link":"https:\/\/alegeliber.md\/ru\/alegeri-par%c8%9bial-corecte-si-partial-libere-intr-un-climat-general-mai-bun-al-campaniei-electorale-599.html","title":{"rendered":"(Rom\u00e2n\u0103) Alegeri par\u021bial corecte \u015fi par\u0163ial libere \u00eentr-un climat general mai bun al campaniei electorale"},"content":{"rendered":"<p class=\"qtranxs-available-languages-message qtranxs-available-languages-message-ru\">\u041d\u0435 \u043d\u0430\u0439\u0434\u0435\u043d\u043d\u043e For the sake of viewer convenience, the content is shown below in this site default language. You may click one of the links to switch the site language to another available language.<\/p><p><a rel=\"attachment wp-att-600\" href=\"http:\/\/alegeliber.md\/?attachment_id=600\"><img loading=\"lazy\" class=\"alignleft size-medium wp-image-600\" title=\"Logo_Coalitia\" src=\"https:\/\/alegeliber.md\/wp-content\/uploads\/2010\/09\/LOGO_nou_Mare-200x141.jpg\" alt=\"\" width=\"200\" height=\"141\" srcset=\"https:\/\/alegeliber.md\/wp-content\/uploads\/2010\/09\/LOGO_nou_Mare-200x141.jpg 200w, https:\/\/alegeliber.md\/wp-content\/uploads\/2010\/09\/LOGO_nou_Mare-100x70.jpg 100w, https:\/\/alegeliber.md\/wp-content\/uploads\/2010\/09\/LOGO_nou_Mare-1024x723.jpg 1024w, https:\/\/alegeliber.md\/wp-content\/uploads\/2010\/09\/LOGO_nou_Mare.jpg 1167w\" sizes=\"(max-width: 200px) 100vw, 200px\" \/><\/a>Pornind de la principiile<a href=\"#_ftn1\">[1]<\/a> care stau la baza unor alegeri libere \u015fi corecte \u015fi anume:<\/p>\n<p>&#8212;\u00a0\u00a0\u00a0\u00a0 asigurarea unui climat de campanie nemarcat de violen\u0163e;<\/p>\n<p>&#8212;\u00a0\u00a0\u00a0\u00a0 lipsa tentativelor de intimidare sau \u00eempiedicare a candida\u0163ilor de a-\u015fi prezenta programele politice;<\/p>\n<p>&#8212;\u00a0\u00a0\u00a0\u00a0 egalitatea \u015fanselor candida\u0163ilor electorali, care impune printre altele o atitudine neutr\u0103 din partea autorit\u0103\u0163ilor de stat \u00een ceea ce prive\u015fte campania electoral\u0103;<\/p>\n<p>&#8212;\u00a0\u00a0\u00a0\u00a0 asigurarea dreptului de a vota tuturor cet\u0103\u0163enilor;<\/p>\n<p>&#8212;\u00a0\u00a0\u00a0\u00a0 accesul nediscriminatoriu la mass-media al concuren\u0163ilor electorali \u015fi reflectarea neutr\u0103 a alegerilor de c\u0103tre mijloacele de informare \u00een mas\u0103, \u00een special de media public\u0103;<\/p>\n<p>&#8212;\u00a0\u00a0\u00a0\u00a0 libertatea mass-media;<\/p>\n<p>&#8212;\u00a0\u00a0\u00a0\u00a0 libertatea aleg\u0103torilor de a-\u015fi forma o opinie;<\/p>\n<p>&#8212;\u00a0\u00a0\u00a0\u00a0 acurate\u0163ea listelor electorale;<\/p>\n<p>&#8212;\u00a0\u00a0\u00a0\u00a0 separarea clar\u0103 \u00eentre partid \u015fi stat, care nu ar permite, printre altele, utilizarea de c\u0103tre cei afla\u0163i la guvernare a resurselor publice \u00een interese de partid \u00een cadrul campaniilor electorale, cu excep\u0163ia cazurilor prev\u0103zute de lege;<\/p>\n<p>Coali\u021bia Civic\u0103 pentru Alegeri Libere \u0219i Corecte constat\u0103 \u00eembun\u0103t\u0103\u021birea semnificativ\u0103, comparativ cu alegerile parlamentare din 2009,  a climatului general de desf\u0103\u0219urare a campaniei electorale pentru referendumul republican constitu\u021bional din 5 septembrie 2010;<\/p>\n<p>Apreciaz\u0103 desf\u0103\u0219urarea campaniei electorale pentru referendumul din 5 septembrie 2010 \u00eentr-un cadru nemarcat de violen\u021be, f\u0103r\u0103 grave tentative de intimidare sau de \u00eempiedicare a participan\u021bilor la scrutin de a-\u0219i prezenta op\u021biunile promovate;<\/p>\n<p>Apreciaz\u0103 crearea de c\u0103tre autorit\u0103\u021bile statului, inclusiv cele electorale, a unor condi\u021bii mai bune pentru ca cet\u0103\u021benii Republicii Moldova afla\u021bi peste hotarele \u021b\u0103rii s\u0103-\u0219i poat\u0103 exercita dreptul de vot;<\/p>\n<p>Apreciaz\u0103 neadmiterea utiliz\u0103rii resurselor publice de c\u0103tre guvernare \u00een scopul promov\u0103rii propriilor interese de partid \u00een cadrul campaniei electorale la referendum;<\/p>\n<p>Apreciaz\u0103 rolul mass-mediei care, \u00een mare parte, a reflectat obiectiv \u00eentregul proces electoral \u0219i a oferit largi posibilit\u0103\u021bi de dialog tuturor actorilor electorali participan\u021bi la referendumul constitu\u021bional;<\/p>\n<p>Cu toate acestea,<\/p>\n<p><strong><em>Coali\u0163ia Civic\u0103 pentru Alegeri Libere \u015fi Corecte consider\u0103 c\u0103 scrutinul pentru referendumul republican constitu\u021bional din data de 5 septembrie 2010 &#8212; NU a fost \u00een totalitate corect \u015fi, lu\u00e2nd \u00een considerare \u00een special situa\u0163ia aleg\u0103torilor din Transnistria precum \u0219i campania de intimidare a aleg\u0103torilor pentru a nu se prezenta la alegeri &#8212; NU a fost liber \u00een totalitate.<\/em><\/strong><\/p>\n<p>Coali\u021bia Civic\u0103 pentru Alegeri Libere \u0219i Corecte a constatat c\u0103, \u00een cadrul scrutinului pentru referendumul constitu\u021bional din 5 septembrie 2010, nu au fost respectate toate standardele interna\u021bionale \u00een materie de alegeri, fiind stabilite mai multe nereguli \u0219i abateri de la principiile unor alegeri libere \u0219i corecte:<\/p>\n<p>Scrutinul<strong> <\/strong>pentru referendumul constitu\u021bional din 5 septembrie 2010 a fost marcat de mai multe \u00a0\u00eenc\u0103lc\u0103ri ale legisla\u0163iei electorale, at\u00e2t pe parcursul campaniei c\u00e2t \u0219i \u00een ziua alegerilor: <strong>influen\u021b\u0103 abuziv\u0103 \u0219i<\/strong> <strong>intimidarea aleg\u0103torilor<\/strong> (cel pu\u0163in 15 cazuri), <strong>afi\u0219aj \u0219i agita\u021bie electoral\u0103 nepermis\u0103 <\/strong>(cel pu\u021bin 44 cazuri), <strong>cadouri electorale <\/strong>(cel pu\u021bin 3 cazuri), <strong>declara\u021biile \u0219i \u00eendemnurile unor administra\u021bii publice locale de a boicota referendumul<\/strong>, contrar atribu\u021biilor care le revin;<\/p>\n<p>Pentru aleg\u0103torii moldoveni din <strong>regiunea transnistrean\u0103<\/strong> (aproximativ 10% din totalul cet\u0103\u021benilor cu drept de vot din Republica Moldova) nu a fost asigurat pe deplin dreptul la vot de c\u0103tre autorit\u0103\u0163i, lipsind cu des\u0103v\u00e2r\u015fire orice fel de activit\u0103\u0163i specifice campaniei electorale (dezbateri, \u00eent\u00e2lniri cu aleg\u0103torii, afi\u015faj electoral). Aleg\u0103torii din regiune nu au fost informa\u0163i de c\u0103tre autorit\u0103\u0163ile Republicii Moldova cu privire la sec\u0163iile de votare la care sunt aronda\u0163i. Un alt aspect deosebit de grav const\u0103 \u00een num\u0103rul redus de sec\u0163ii de votare dechise pentru aleg\u0103torii din regiunea transnistrean\u0103 comparativ cu num\u0103rul mult mai mare de aleg\u0103tori, precum \u0219i incidentele\/blocajele pe care le \u00eent\u00eempin\u0103 cet\u0103\u021benii din regiune atunci c\u00e2nd doresc s\u0103-\u0219i exercite dreptul de vot;<\/p>\n<p>O \u00eengrijorare aparte prezint\u0103 \u0219i \u00een acest scrutin <strong>procesul de \u00eentocmire a listelor electorale \u0219i calitatea acestora<\/strong>. Astfel, Coali\u021bia a constatat c\u0103 autorit\u0103\u021bile responsabile de \u00eentocmirea listelor electorale nu au reu\u0219it s\u0103 le elaboreze \u0219i s\u0103 le prezinte \u00een conformitate cu planul calendaristic elaborat de Comisia Electoral\u0103 Central\u0103. De asemenea, CEC nu a publicat pe pagina sa web listele electorale, a\u0219a cum este prev\u0103zut \u00een Codul Electoral. Totodat\u0103, Coali\u021bia este profund \u00eengrijorat\u0103 de faptul c\u0103, \u00een ziua referendumului, nu a fost anun\u021bat num\u0103rul total de aleg\u0103tori inclu\u0219i \u00een listele electorale \u0219i modalitatea prin care CEC a calculat rata de participare la referendum. Aceast\u0103 \u00eengrijorare este determinat\u0103 \u00een mod special de problemele tehnice \u00eent\u00e2mpinate de c\u0103tre CEC \u00een ziua alegerilor \u0219i care, \u00een opinia Coali\u021biei, pot alimenta suspiciuni privind capacitatea autorit\u0103\u021bilor de a administra listele electorale;<\/p>\n<p><strong>Comportamentul unor institu\u021bii mediatice audiovizuale \u0219i al autorit\u0103\u021bilor de reglementare \u00een domeniu <\/strong>(Consiliul Coordonator al Audiovizualului) sunt un alt argument \u00eentru sus\u021binerea aprecierii acestui scrutin ca fiind doar par\u021bial liber \u0219i corect. \u00cen mod special, Coali\u021bia a remarcat faptul c\u0103 CCA nu \u015fi-a exercitat atribu\u0163iile \u00een deplin\u0103 conformitate cu prevederile legale (CCA nu a f\u0103cut public\u0103 lista radiodifuzorilor na\u0163ionali \u00een termenul prev\u0103zut de legisla\u0163ia electoral\u0103; nu a asigurat respectarea de c\u0103tre radiodifuzori a art. 64 (prim) alin. (2) din Codul Electoral; nu a prezentat la CEC rapoarte de monitorizare a modului de reflectare a campaniei electorale de c\u0103tre radiodifuzori etc.) \u0219i a demonstrat o atitudine formal\u0103 \u015fi neglijent\u0103 fa\u021b\u0103 de atribu\u021biile care \u00eei revin \u00een domeniu;<\/p>\n<p>Coali\u021bia consider\u0103 \u00een continuare c\u0103 <strong>CEC a admis derog\u0103ri de la legisla\u021bia electoral\u0103 \u00een vigoare c\u00e2nd a \u00eenregistrat forma\u021biuni politice cu op\u021biunea nedeclarat\u0103 sau cu inten\u021bia de a boicota referendumul<\/strong>. Este un motiv din care mesajele adresate aleg\u0103torilor prin intermediul mass-mediei au fost difuze, contradictorii, de natur\u0103 s\u0103 dezorienteze electoratul. Astfel, forma\u021biunile politice, av\u00e2nd la dispozi\u021bie cele mai largi posibilit\u0103\u021bi de a-\u0219i mediatiza mesajele, \u00een definitiv, au e\u0219uat \u00een inten\u021bia de a informa adecvat cet\u0103\u021benii. \u00cen plus, institu\u021bii mediatice separate au amplificat, prin politica editorial\u0103, chemarea la boicotarea referendumului, exercit\u00e2nd mai degrab\u0103 rolul de porta-voce a unor for\u021be politice, dec\u00e2t misiunea fireasc\u0103 ce revine jurnalismului democratic. Inten\u021bia CCA, \u00een \u0219edin\u021ba public\u0103 din 3 septembrie 2010, de a reac\u021biona adecvat la derog\u0103rile de la legisla\u021bie a unor radiodifuzori, stabilite de propriul serviciu de monitorizare, a e\u0219uat, demonstr\u00e2nd o dat\u0103 \u00een plus c\u0103 CCA nu \u00ee\u015fi \u00eendepline\u015fte rolul de garant al interesului public.<\/p>\n<p>Coali\u021bia regret\u0103 faptul c\u0103 posibilit\u0103\u021bile largi oferite de c\u0103tre mass-media participan\u021bilor la referendum nu au fost valorificate de o manier\u0103 care s\u0103 conduc\u0103 la o informare ampl\u0103 \u0219i complex\u0103 a cet\u0103\u021benilor despre importan\u021ba referendumului constitu\u021bional, la o coalizare a electoratului, la un activism civic corespunz\u0103tor \u0219i, \u00een definitiv, la o dep\u0103\u0219ire a crizei politice prin contribu\u021bia cet\u0103\u021benilor;<\/p>\n<p><em>Coali\u0163ia Civic\u0103 pentru Alegeri Libere \u015fi Corecte atrage aten\u0163ia autorit\u0103\u021bilor, clasei politice, mass-media \u0219i societ\u0103\u021bii civile asupra necesit\u0103\u021bii continu\u0103rii eforturilor de asigurare a unor alegeri libere \u0219i corecte \u00een continuare, astfel \u00eenc\u00e2t s\u0103 putem vorbi \u00een campania electoral\u0103 pentru alegerile parlamentare anticipate din toamna acestui an de o \u00eembun\u0103t\u0103\u021bire semnificativ\u0103 a proceselor electorale din Republica Moldova. <\/em><\/p>\n<p><strong>Pentru informa\u0163ii suplimentare<\/strong>, v\u0103 rug\u0103m contacta\u0163i: Nicolae Panfil, Secretar Coali\u0163ia Civic\u0103 pentru Alegeri Libere \u015fi Corecte, tel. 27-42-00, mob. 079381842, e-mail: <a href=\"mailto:info@alegeliber.md\">info@alegeliber.md<\/a>. Lista rapoartele periodice, precum \u015fi a comunicatelor de pres\u0103 elaborate\/transmise de c\u0103tre membrii Coali\u0163iei \u0219i Secretariat pe parcursul campaniei electorale pentru referendumul din 5 septembrie 2010 pot fi accesate pe pagina <a href=\"http:\/\/www.alegeliber.md\/\">www.alegeliber.md<\/a>.<\/p>\n<p><strong>Consiliul Coali\u021biei Civice pentru Alegeri Libere \u0219i Corecte:<\/strong><\/p>\n<p>Ion Manole, Pre\u015fedinte Asocia\u021bia Promo-LEX<\/p>\n<p>Ion Bunduchi, Director Asocia\u021bia Presei Electronice (APEL)<\/p>\n<p>Daniela Terzi-Barb\u0103ro\u0219ie, Directoare Executiv\u0103, Centrul &#171;Parteneriat pentru Dezvoltare&#187; (CPD)<\/p>\n<p>Petru Macovei, Director Executiv Asocia\u021bia Presei Independente (API)<\/p>\n<p>Nadine Gogu, Director Centrul pentru Jurnalism Independent (CJI)<\/p>\n<p>Serghei Neicovcen, Director Centrul CONTACT<\/p>\n<p>Sandu Coica, Pre\u0219edinte Consiliul Na\u021bional al Tineretului din Moldova (CNTM)<\/p>\n<p>Olga Straton, Directoare Asocia\u021bia pentru Promovarea Clinicilor Juridice (APJCM)<\/p>\n<hr size=\"1\" \/><a href=\"#_ftnref1\">[1]<\/a> Codul bunelor practici \u00een materie electoral\u0103 al Comisiei de la Vene\u0163ia pentru democra\u0163ie prin drept a Consiliului Europei, adoptat \u00een 2002 \u015fi Documentul Reuniunii de la  Copenhaga a Conferin\u0163ei pentru dimensiunea uman\u0103 a OSCE din 29 iunie 1990, la care Republica Moldova a aderat la 10 decembrie 1991<\/p>","protected":false},"excerpt":{"rendered":"<p>\u041d\u0435 \u043d\u0430\u0439\u0434\u0435\u043d\u043d\u043e For the sake of viewer convenience, the content is shown below in this site default language. You may click one of the links to switch the site language to another available language.Pornind de la principiile[1] care stau la baza unor alegeri libere \u015fi corecte \u015fi anume: &#8212;\u00a0\u00a0\u00a0\u00a0 asigurarea unui climat de campanie nemarcat [&hellip;]<\/p>\n","protected":false},"author":2,"featured_media":0,"comment_status":"closed","ping_status":"closed","sticky":false,"template":"","format":"standard","meta":[],"categories":[4,1],"tags":[],"_links":{"self":[{"href":"https:\/\/alegeliber.md\/ru\/wp-json\/wp\/v2\/posts\/599"}],"collection":[{"href":"https:\/\/alegeliber.md\/ru\/wp-json\/wp\/v2\/posts"}],"about":[{"href":"https:\/\/alegeliber.md\/ru\/wp-json\/wp\/v2\/types\/post"}],"author":[{"embeddable":true,"href":"https:\/\/alegeliber.md\/ru\/wp-json\/wp\/v2\/users\/2"}],"replies":[{"embeddable":true,"href":"https:\/\/alegeliber.md\/ru\/wp-json\/wp\/v2\/comments?post=599"}],"version-history":[{"count":0,"href":"https:\/\/alegeliber.md\/ru\/wp-json\/wp\/v2\/posts\/599\/revisions"}],"wp:attachment":[{"href":"https:\/\/alegeliber.md\/ru\/wp-json\/wp\/v2\/media?parent=599"}],"wp:term":[{"taxonomy":"category","embeddable":true,"href":"https:\/\/alegeliber.md\/ru\/wp-json\/wp\/v2\/categories?post=599"},{"taxonomy":"post_tag","embeddable":true,"href":"https:\/\/alegeliber.md\/ru\/wp-json\/wp\/v2\/tags?post=599"}],"curies":[{"name":"wp","href":"https:\/\/api.w.org\/{rel}","templated":true}]}}