{"id":606,"date":"2010-09-16T09:56:58","date_gmt":"2010-09-16T09:56:58","guid":{"rendered":"http:\/\/alegeliber.md\/?p=606"},"modified":"2010-09-17T11:07:45","modified_gmt":"2010-09-17T11:07:45","slug":"coalitia-civica-pentru-alegeri-libere-si-corecte-solicita-cca-sa-%c8%99i-anuleze-decizia-de-sanc%c8%9bionare-a-ipna-teleradio-moldova-%c8%99i-publikatv","status":"publish","type":"post","link":"https:\/\/alegeliber.md\/ru\/coalitia-civica-pentru-alegeri-libere-si-corecte-solicita-cca-sa-%c8%99i-anuleze-decizia-de-sanc%c8%9bionare-a-ipna-teleradio-moldova-%c8%99i-publikatv-606.html","title":{"rendered":"(Rom\u00e2n\u0103) Coali\u0163ia Civic\u0103 pentru Alegeri Libere \u015fi Corecte solicit\u0103 CCA s\u0103-\u0219i anuleze  decizia de sanc\u021bionare a IPNA Teleradio-Moldova \u0219i PublikaTV"},"content":{"rendered":"<p class=\"qtranxs-available-languages-message qtranxs-available-languages-message-ru\">\u041d\u0435 \u043d\u0430\u0439\u0434\u0435\u043d\u043d\u043e For the sake of viewer convenience, the content is shown below in this site default language. You may click one of the links to switch the site language to another available language.<\/p><p><a rel=\"attachment wp-att-600\" href=\"http:\/\/alegeliber.md\/?attachment_id=600\"><img loading=\"lazy\" class=\"alignleft size-medium wp-image-600\" title=\"Logo_Coalitia\" src=\"https:\/\/alegeliber.md\/wp-content\/uploads\/2010\/09\/LOGO_nou_Mare-200x141.jpg\" alt=\"\" width=\"200\" height=\"141\" srcset=\"https:\/\/alegeliber.md\/wp-content\/uploads\/2010\/09\/LOGO_nou_Mare-200x141.jpg 200w, https:\/\/alegeliber.md\/wp-content\/uploads\/2010\/09\/LOGO_nou_Mare-100x70.jpg 100w, https:\/\/alegeliber.md\/wp-content\/uploads\/2010\/09\/LOGO_nou_Mare-1024x723.jpg 1024w, https:\/\/alegeliber.md\/wp-content\/uploads\/2010\/09\/LOGO_nou_Mare.jpg 1167w\" sizes=\"(max-width: 200px) 100vw, 200px\" \/><\/a>Coali\u0163ia Civic\u0103 pentru Alegeri Libere \u015fi Corecte \u00ee\u0219i exprim\u0103 dezacordul fa\u021b\u0103 de decizia CCA de a sanc\u021biona IPNA Teleradio-Moldova \u0219i PublikaTV pentru c\u0103 au difuzat spoturi de educa\u021bie civic\u0103 \u0219i \u00eendemnuri de a participa activ la procesul electoral \u00een perioada campaniei pentru referendumul constitu\u021bional din 5 septembrie 2010. Decizia CCA reprezint\u0103 o sfidare a libert\u0103\u021bii de exprimare a mass-media \u0219i a dreptului cet\u0103\u021beanului de fi informat \u0219i de a-\u0219i exercita votul \u00een mod liber \u015fi con\u015ftient.<\/p>\n<p>Totodat\u0103, Coali\u021bia Civic\u0103 pentru Alegeri Libere \u0219i Corecte consider\u0103 c\u0103 decizia CCA aprofundeaz\u0103 \u00een continuare confuzia indus\u0103 anterior societ\u0103\u021bii prin decizia CEC de a \u00eenregistra \u00een calitate de participan\u021bi la referendum partide politice care \u00eendemnau cet\u0103\u021benii s\u0103 boicoteze scrutinul din 5 septembrie 2010. Aceast\u0103 situa\u021bie este \u00eengrijor\u0103toare \u00een special prin faptul c\u0103 asemenea confuzii apar tocmai \u00eentr-o perioad\u0103 \u00een care atest\u0103m un nivel foarte sc\u0103zut al activismului civic al cet\u0103\u0163enilor. \u00cen acest sens, decizia CCA din 15 septembrie 2010 risc\u0103 s\u0103 sugrume spiritul civic al cet\u0103\u021benilor precum \u0219i al organiza\u021biilor ob\u0219te\u0219ti, mass-media care promoveaz\u0103 activit\u0103\u0163i de educa\u0163ie electoral\u0103 \u0219i care ar putea s\u0103 nu mai desf\u0103\u0219oare asemenea proiecte pe viitor, sim\u0163indu-se intimidate. Consider\u0103m c\u0103 ac\u021biunile de educa\u021bie civic\u0103 \u0219i electoral\u0103 merit\u0103 a fi \u00eencurajate pe toate c\u0103ile \u0219i nici de cum sanc\u021bionate dac\u0103 se dore\u0219te promovarea valorilor europene \u0219i a libert\u0103\u021bilor cet\u0103\u021bene\u0219ti, \u0219i nu a intereselor \u00eenguste ale unor for\u021be politice.<\/p>\n<p>Coali\u021bia Civic\u0103 pentru Alegeri Libere \u0219i Corecte atrage aten\u021bia CCA asupra faptului c\u0103 exist\u0103 o diferen\u021b\u0103 enorm\u0103 \u00eentre defini\u021bia de \u201eagita\u021bie electoral\u0103\u201d (convingerea aleg\u0103torilor pentru a vota un anume concurent electoral) \u0219i cea de \u201eeduca\u021bie electoral\u0103\u201d (informarea cet\u0103\u021benilor cu privire la procesele politice \u0219i electorale din \u021bar\u0103 \u00een vederea exercit\u0103rii votului con\u0219tient \u0219i liber exprimat) oferite de Codul Electoral al Republicii Moldova. De asemenea, Codul Electoral \u00een art. 47 alin. 8 stabile\u0219te restric\u021bii \u00een ceea ce prive\u0219te prezentarea \u00een ziua alegerilor \u015fi \u00een ziua precedent\u0103 alegerilor a materialelor de agita\u021bie electoral\u0103 \u0219i nu de educa\u021bie electoral\u0103. Din aceste motive, Coali\u021bia este nedumerit\u0103 \u0219i profund \u00eengrijorat\u0103 de faptul c\u0103 CCA interpreteaz\u0103 de o asemenea manier\u0103 chiar \u0219i cele mai univoce prevederi ale legisla\u021biei \u00een vigoare. Mai mult dec\u00e2t at\u00e2t, Coali\u021bia consider\u0103 de-a dreptul alarmant faptul c\u0103 CCA, care pe parcursul perioadei electorale a \u00eenc\u0103lcat mai multe prevederi ale Codului Electoral, sanc\u021bioneaz\u0103 radiodifuzorii care nu au admis derog\u0103ri de la legisla\u021bia electoral\u0103 \u0219i ignor\u0103 cazurile c\u00e2nd unii radiodifuzori au admis realmente \u00eenc\u0103lcarea legii, difuz\u00e2nd pe 4 septembrie spoturi de agita\u021bie electoral\u0103.<\/p>\n<p>Pornind de la cele exprimate mai sus, Coali\u021bia solicit\u0103 CCA s\u0103-\u0219i anuleze decizia din 15 septembrie 2010 de a sanc\u021biona IPNA Teleradio-Moldova \u0219i PublikaTV, exprim\u00e2ndu-\u0219i convingerea c\u0103 atare decizii sunt periculoase pentru \u00eencet\u0103\u021benirea \u00een Republica Moldova a valorilor democratice care trebuie s\u0103 stea la temelia desf\u0103\u0219ur\u0103rii oric\u0103rui proces electoral.<\/p>\n<p>Coali\u021bia Civic\u0103 pentru Alegeri Libere \u0219i Corecte \u00eendeamn\u0103 \u00eentreaga societate, clasa politic\u0103, mass-media s\u0103 ia atitudine \u0219i s\u0103 \u00eengr\u0103deasc\u0103 orice tentativ\u0103 de a limita dreptul fundamental al cet\u0103\u021beanului de a fi informat \u0219i dreptul institu\u021biilor mediatice de a informa. Astfel vom contribui la \u00eens\u0103n\u0103to\u0219irea climatului social, \u00een care alegerile s\u0103 se desf\u0103\u0219oare cu adev\u0103rat liber \u0219i corect.<\/p>\n<p><strong>Consiliul Coali\u0163iei Civice pentru Alegeri Libere \u015fi Corecte<\/strong><strong><\/strong><\/p>","protected":false},"excerpt":{"rendered":"<p>\u041d\u0435 \u043d\u0430\u0439\u0434\u0435\u043d\u043d\u043e For the sake of viewer convenience, the content is shown below in this site default language. You may click one of the links to switch the site language to another available language.Coali\u0163ia Civic\u0103 pentru Alegeri Libere \u015fi Corecte \u00ee\u0219i exprim\u0103 dezacordul fa\u021b\u0103 de decizia CCA de a sanc\u021biona IPNA Teleradio-Moldova \u0219i PublikaTV pentru [&hellip;]<\/p>\n","protected":false},"author":2,"featured_media":0,"comment_status":"closed","ping_status":"closed","sticky":false,"template":"","format":"standard","meta":[],"categories":[4],"tags":[],"_links":{"self":[{"href":"https:\/\/alegeliber.md\/ru\/wp-json\/wp\/v2\/posts\/606"}],"collection":[{"href":"https:\/\/alegeliber.md\/ru\/wp-json\/wp\/v2\/posts"}],"about":[{"href":"https:\/\/alegeliber.md\/ru\/wp-json\/wp\/v2\/types\/post"}],"author":[{"embeddable":true,"href":"https:\/\/alegeliber.md\/ru\/wp-json\/wp\/v2\/users\/2"}],"replies":[{"embeddable":true,"href":"https:\/\/alegeliber.md\/ru\/wp-json\/wp\/v2\/comments?post=606"}],"version-history":[{"count":0,"href":"https:\/\/alegeliber.md\/ru\/wp-json\/wp\/v2\/posts\/606\/revisions"}],"wp:attachment":[{"href":"https:\/\/alegeliber.md\/ru\/wp-json\/wp\/v2\/media?parent=606"}],"wp:term":[{"taxonomy":"category","embeddable":true,"href":"https:\/\/alegeliber.md\/ru\/wp-json\/wp\/v2\/categories?post=606"},{"taxonomy":"post_tag","embeddable":true,"href":"https:\/\/alegeliber.md\/ru\/wp-json\/wp\/v2\/tags?post=606"}],"curies":[{"name":"wp","href":"https:\/\/api.w.org\/{rel}","templated":true}]}}