{"id":735,"date":"2010-11-11T13:16:28","date_gmt":"2010-11-11T13:16:28","guid":{"rendered":"http:\/\/alegeliber.md\/?p=735"},"modified":"2010-11-21T18:39:33","modified_gmt":"2010-11-21T18:39:33","slug":"asociatia-promo-lex-a-lansat-al-treilea-raport-de-monitorizare-a-campaniei-electorale-pentru-alegerile-parlamentare-anticipate-atmosfera-in-campania-electorala-devine-mai-tensionata","status":"publish","type":"post","link":"https:\/\/alegeliber.md\/ru\/asociatia-promo-lex-a-lansat-al-treilea-raport-de-monitorizare-a-campaniei-electorale-pentru-alegerile-parlamentare-anticipate-atmosfera-in-campania-electorala-devine-mai-tensionata-735.html","title":{"rendered":"(Rom\u00e2n\u0103) Asocia\u0163ia Promo-LEX a lansat al treilea Raport de monitorizare a campaniei electorale pentru alegerile parlamentare anticipate: Atmosfera \u00een campania electoral\u0103 devine mai tensionat\u0103"},"content":{"rendered":"<p class=\"qtranxs-available-languages-message qtranxs-available-languages-message-ru\">\u041d\u0435 \u043d\u0430\u0439\u0434\u0435\u043d\u043d\u043e For the sake of viewer convenience, the content is shown below in this site default language. You may click one of the links to switch the site language to another available language.<\/p><p><a href=\"http:\/\/www.promolex.md\/index.php?module=news&amp;item=346\"><img loading=\"lazy\" class=\"alignleft size-medium wp-image-737\" title=\"Promo LEX Raport III\" src=\"https:\/\/alegeliber.md\/wp-content\/uploads\/2010\/11\/Promo-LEX-Raport-III-200x145.jpg\" alt=\"\" width=\"200\" height=\"145\" srcset=\"https:\/\/alegeliber.md\/wp-content\/uploads\/2010\/11\/Promo-LEX-Raport-III-200x145.jpg 200w, https:\/\/alegeliber.md\/wp-content\/uploads\/2010\/11\/Promo-LEX-Raport-III-100x72.jpg 100w, https:\/\/alegeliber.md\/wp-content\/uploads\/2010\/11\/Promo-LEX-Raport-III.jpg 581w\" sizes=\"(max-width: 200px) 100vw, 200px\" \/><\/a>Campania electoral\u0103 se intensific\u0103, fiind constatate cazuri de  intimidare \u015fi violen\u0163\u0103 c\u00eet \u00een adresa concuren\u0163ilor electorali, at\u00eet \u015fi a  aleg\u0103torilor. Concuren\u0163ii electorali desf\u0103\u015foar\u0103 diverse activit\u0103\u0163i de  agita\u0163ie electoral\u0103 f\u0103r\u0103 a ezita \u00een utilizarea resurselor administrative  \u015fi oferirea \u201ccadourilor electorale\u201d, potrivit Raportului Promo-LEX.<\/p>\n<p>\u00cen perioada de monitorizare CEC \u015fi-a exercitat impar\u0163ial atribu\u0163iile,  \u00eenregistr\u00e2nd la finele perioadei permise 40 de concuren\u0163i electorali, a  adoptat \u015fi a modificat acte normative, interpret\u00e2nd legisla\u0163ia \u00een  vigoare \u00een interesul persoanelor cu dezabilit\u0103\u0163i de vedere. Concuren\u0163ii  electorali desf\u0103\u015foar\u0103 multiple \u015fi diverse activit\u0103\u0163i de agita\u0163ie  electoral\u0103, recurg\u00eend \u00een preponderen\u0163\u0103 la \u00eent\u00e2lniri cu aleg\u0103torii,  afi\u015faje electorale \u015fi spoturi publicitare. De asemenea, \u00een scopuri  agita\u0163ionale, au fost organizate o serie de concerte.<\/p>\n<p>Concuren\u0163ii au raportat \u00een termen, la CEC, despre utilizarea resurselor  din fondul electoral. Totodat\u0103, conform observatorilor Promo-LEX,  niciunul dintre concuren\u0163i nu a respectat obliga\u0163ia de a declara  s\u0103pt\u0103m\u00e2nal \u00eentr-o publica\u0163ie de circula\u0163ie na\u0163ional\u0103 mijloacele  financiare \u015fi alte forme de sus\u0163inere material\u0103 a activit\u0103\u0163ii lor. La 12  din cei 40 de concuren\u0163i electorali \u00eenregistra\u0163i \u00een cursa electoral\u0103,  au fost depistate materiale publicitare cu deficien\u0163e \u00een vederea  indic\u0103rii informa\u0163iei prev\u0103zute de legisla\u0163ie.<\/p>\n<p>\u201cCampania electoral\u0103 se intensific\u0103, prin varietatea \u015fi multitudinea  activit\u0103\u0163ilor de agita\u0163ie electoral\u0103, fapt ce d\u0103 dovad\u0103 de seriozitatea  implic\u0103rii concuren\u0163ilor \u00een curs\u0103\u201d, a spus Pavel Postic\u0103, \u015fef-adjunct  misiune.<\/p>\n<p>Raportul constat\u0103 anumite devieri de la planul calendarictic al CEC, \u00een  ceea ce \u0163ine de constituirea organelor electorale \u00een baza propunerilor  tardive a concuren\u0163ilor, \u00eenregistrate la organele electorale inferioare.  De asemenea, regulamentele de organizare a alegerilor nu au fost  ajustate la prevederile Codului Electoral. \u00cen acest fel, se creeaz\u0103  deficien\u0163e la nivelul organelor teritoriale inferioare \u00een organizarea  vot\u0103rii persoanelor care dispun \u015fi de viz\u0103 de domiciliu \u015fi de viz\u0103 de  re\u015fedin\u0163\u0103.<\/p>\n<p>\u00cen perioada de monitorizare, au fost constatate o serie de cazuri de  intimid\u0103ri \u015fi presiuni ascunse asupra aleg\u0103torilor \u015fi concuren\u0163ilor  electorali, precum \u015fi mai multe cazuri de agita\u0163ie electoral\u0103 for\u0163at\u0103.  Cazuri de utilizare a resurselor administrative \u015fi oferire a  \u201ecadourilor\u201d electorale de c\u0103tre concuren\u0163i persist\u0103.<\/p>\n<p>Principalele recomand\u0103ri formulate \u00een raport se refer\u0103 la necesitatea  implic\u0103rii CEC \u00een medierea conflictelor dintre concuren\u0163ii electorali \u015fi  membrii organelor electorale, ini\u0163ierea unor campanii de sensibilizare a  concuren\u0163ilor electorali privind necesitatea unui comportament pa\u015fnic  \u015fi civilizat \u00een procesul electoral.<\/p>\n<p>Raportul cuprinde perioada 25 octombrie \u2013 8 noiembrie 2010, \u015fi  reprezint\u0103 sinteza constat\u0103rilor a 42 de observatori pe termen lung din  teritoriu.\u00a0 Monitorizarea alegerilor anticipate parlamentare, preconizate pentru 28  noiembrie 2010, este un proiect realizat de Asocia\u0163ia Promo-LEX \u00een  cadrul Coali\u0163iei Civice pentru Alegeri Libere \u015fi Corecte.<\/p>\n<p>Acest proiect beneficiaz\u0103 de asisten\u0163\u0103 tehnic\u0103 \u015fi financiar\u0103 din partea  Ambasadei Statelor Unite ale Americii \u00een Republica Moldova, Fondului  Na\u0163ional pentru Democra\u0163ie (NED), National Democratic Institute for  International Affairs (NDI). Opiniile exprimate \u00een raport apar\u0163in  autorilor \u015fi nu reflect\u0103 neap\u0103rat punctul de vedere al finan\u0163atorilor.<\/p>\n<p>Pentru mai multe detalii contacta\u0163i: Cristina Nicolenco, Ofi\u0163er de Pres\u0103  Promo-LEX, Tel: (22) 211622, GSM: 069882392, e-mail: pr@promolex.md<\/p>\n<p>Varianta integral\u0103 a raportului poate fi g\u0103sit\u0103 mai jos.<\/p>","protected":false},"excerpt":{"rendered":"<p>\u041d\u0435 \u043d\u0430\u0439\u0434\u0435\u043d\u043d\u043e For the sake of viewer convenience, the content is shown below in this site default language. You may click one of the links to switch the site language to another available language.Campania electoral\u0103 se intensific\u0103, fiind constatate cazuri de intimidare \u015fi violen\u0163\u0103 c\u00eet \u00een adresa concuren\u0163ilor electorali, at\u00eet \u015fi a aleg\u0103torilor. Concuren\u0163ii electorali [&hellip;]<\/p>\n","protected":false},"author":2,"featured_media":0,"comment_status":"closed","ping_status":"closed","sticky":false,"template":"","format":"standard","meta":[],"categories":[4,1,30],"tags":[],"_links":{"self":[{"href":"https:\/\/alegeliber.md\/ru\/wp-json\/wp\/v2\/posts\/735"}],"collection":[{"href":"https:\/\/alegeliber.md\/ru\/wp-json\/wp\/v2\/posts"}],"about":[{"href":"https:\/\/alegeliber.md\/ru\/wp-json\/wp\/v2\/types\/post"}],"author":[{"embeddable":true,"href":"https:\/\/alegeliber.md\/ru\/wp-json\/wp\/v2\/users\/2"}],"replies":[{"embeddable":true,"href":"https:\/\/alegeliber.md\/ru\/wp-json\/wp\/v2\/comments?post=735"}],"version-history":[{"count":0,"href":"https:\/\/alegeliber.md\/ru\/wp-json\/wp\/v2\/posts\/735\/revisions"}],"wp:attachment":[{"href":"https:\/\/alegeliber.md\/ru\/wp-json\/wp\/v2\/media?parent=735"}],"wp:term":[{"taxonomy":"category","embeddable":true,"href":"https:\/\/alegeliber.md\/ru\/wp-json\/wp\/v2\/categories?post=735"},{"taxonomy":"post_tag","embeddable":true,"href":"https:\/\/alegeliber.md\/ru\/wp-json\/wp\/v2\/tags?post=735"}],"curies":[{"name":"wp","href":"https:\/\/api.w.org\/{rel}","templated":true}]}}