{"id":833,"date":"2010-11-26T17:26:20","date_gmt":"2010-11-26T17:26:20","guid":{"rendered":"http:\/\/alegeliber.md\/?p=833"},"modified":"2010-11-27T11:31:15","modified_gmt":"2010-11-27T11:31:15","slug":"anunt-centrul-de-presa-promo-lex-va-activa-in-ziua-alegerilor","status":"publish","type":"post","link":"https:\/\/alegeliber.md\/ru\/anunt-centrul-de-presa-promo-lex-va-activa-in-ziua-alegerilor-833.html","title":{"rendered":"Anun\u0163: Centrul de Pres\u0103 Promo-LEX va activa \u00een ziua alegerilor"},"content":{"rendered":"<p class=\"qtranxs-available-languages-message qtranxs-available-languages-message-ru\">\u041d\u0435 \u043d\u0430\u0439\u0434\u0435\u043d\u043d\u043e For the sake of viewer convenience, the content is shown below in this site default language. You may click one of the links to switch the site language to another available language.<\/p><p><a rel=\"attachment wp-att-572\" href=\"http:\/\/alegeliber.md\/?attachment_id=572\"><img loading=\"lazy\" class=\"alignleft size-medium wp-image-572\" title=\"promolex_logo\" src=\"https:\/\/alegeliber.md\/wp-content\/uploads\/2010\/09\/promolex_logo1-200x61.gif\" alt=\"\" width=\"200\" height=\"61\" srcset=\"https:\/\/alegeliber.md\/wp-content\/uploads\/2010\/09\/promolex_logo1-200x61.gif 200w, https:\/\/alegeliber.md\/wp-content\/uploads\/2010\/09\/promolex_logo1-100x30.gif 100w, https:\/\/alegeliber.md\/wp-content\/uploads\/2010\/09\/promolex_logo1.gif 201w\" sizes=\"(max-width: 200px) 100vw, 200px\" \/><\/a>Un centru de pres\u0103 Promo-LEX va activa \u00een regim non-stop \u00een ziua alegerilor din 28 noiembrie. <strong>Centrul de pres\u0103 va fi deschis \u00eencep\u00eend cu ora <\/strong><strong>7<sup>00<\/sup><\/strong><strong>, \u00een Sala Roz a Hotelului Codru, str. 31 August 1989<\/strong><strong>, intrarea din str. Maria Cebotari. <\/strong><\/p>\n<p><strong> <\/strong><\/p>\n<p>Centru de Pres\u0103 va procesa informa\u0163ia colectat\u0103 de la cei 2500 de observatori din teritoriu, despre activitatea sec\u0163iilor de votare, presta\u0163ia autorit\u0103\u0163ilor publice \u015fi electorale, precum \u015fi respectarea prevederilor legislative de c\u0103tre concuren\u0163ii electorali \u00een ziua desf\u0103\u015fur\u0103rii alegerilor parlamentare anticipate.<\/p>\n<p>\u00cen baza informa\u0163iilor colectate vor fi \u00eentocmite trei rapoarte, care vor descrie felul \u00een care se desf\u0103\u015foar\u0103 alegerile \u015fi vor fi f\u0103cute publice \u00een cadrul trei conferin\u0163e de pres\u0103 la orele:<\/p>\n<p><strong>11<sup>30<\/sup> &#8212; \u00a0prezentare Raport interimar nr.1 <\/strong><\/p>\n<p><strong>16<sup>00<\/sup> &#8212; \u00a0prezentare Raport interimar nr.2<\/strong><\/p>\n<p><strong>22<sup>45<\/sup> &#8212; \u00a0prezentare Raport interimar nr.3<\/strong><\/p>\n<p><strong> <\/strong><\/p>\n<p>Monitorizarea alegerilor anticipate parlamentare, preconizate pentru 28 noiembrie 2010, este un proiect realizat de Asocia\u0163ia Promo-LEX \u00een cadrul Coali\u0163iei Civice pentru Alegeri Libere \u015fi Corecte.<\/p>\n<p><strong> <\/strong><\/p>\n<p><strong>PROMO-LEX VA REALIZA NUM\u0102RAREA RAPID\u0102<\/strong><\/p>\n<p><strong> <\/strong><\/p>\n<p>Promo-LEX va prezenta \u00een ziua urm\u0103toare dup\u0103 alegeri rezultatele Num\u0103r\u0103rii Rapide (Quick Count).<\/p>\n<p>Num\u0103r\u0103toarea Rapid\u0103 este o procedur\u0103 statistic\u0103 de evaluare a calit\u0103\u0163ii desf\u0103\u015fur\u0103rii vot\u0103rii \u015fi prognozare a rezultatelor finale ale scrutinului, cu o precizie maxim\u0103. Procedura se realizeaz\u0103 \u00een baza unui e\u015fantion reprezentativ, care include 299 de sec\u0163ii de votare, din totalul de 1962. E\u015fantionul a fost creat prin extragere aleatorie simpl\u0103.<\/p>\n<p><strong><em>Datele vor fi prezentate \u00een cadrul unei conferin\u0163e de pres\u0103, ce va avea loc pe 29 noiembrie, la ora 10:00, \u00een sala de conferin\u0163\u0103 Info-Prim Neo, str. Pu\u015fkin nr.22.<\/em><\/strong><\/p>\n<p><em>Pentru mai multe detalii contacta\u0163i: Cristina Nicolenco, Ofi\u0163er de Pres\u0103 Promo-LEX, <\/em><em>Tel: (22) 211622, GSM: 069882392, email: <\/em><em><a href=\"mailto:pr@promolex.md\">pr@promolex.md<\/a><\/em><strong><em> <\/em><\/strong><\/p>","protected":false},"excerpt":{"rendered":"<p>\u041d\u0435 \u043d\u0430\u0439\u0434\u0435\u043d\u043d\u043e For the sake of viewer convenience, the content is shown below in this site default language. You may click one of the links to switch the site language to another available language.Un centru de pres\u0103 Promo-LEX va activa \u00een regim non-stop \u00een ziua alegerilor din 28 noiembrie. Centrul de pres\u0103 va fi deschis [&hellip;]<\/p>\n","protected":false},"author":2,"featured_media":0,"comment_status":"closed","ping_status":"closed","sticky":false,"template":"","format":"standard","meta":[],"categories":[4,1,30],"tags":[],"_links":{"self":[{"href":"https:\/\/alegeliber.md\/ru\/wp-json\/wp\/v2\/posts\/833"}],"collection":[{"href":"https:\/\/alegeliber.md\/ru\/wp-json\/wp\/v2\/posts"}],"about":[{"href":"https:\/\/alegeliber.md\/ru\/wp-json\/wp\/v2\/types\/post"}],"author":[{"embeddable":true,"href":"https:\/\/alegeliber.md\/ru\/wp-json\/wp\/v2\/users\/2"}],"replies":[{"embeddable":true,"href":"https:\/\/alegeliber.md\/ru\/wp-json\/wp\/v2\/comments?post=833"}],"version-history":[{"count":0,"href":"https:\/\/alegeliber.md\/ru\/wp-json\/wp\/v2\/posts\/833\/revisions"}],"wp:attachment":[{"href":"https:\/\/alegeliber.md\/ru\/wp-json\/wp\/v2\/media?parent=833"}],"wp:term":[{"taxonomy":"category","embeddable":true,"href":"https:\/\/alegeliber.md\/ru\/wp-json\/wp\/v2\/categories?post=833"},{"taxonomy":"post_tag","embeddable":true,"href":"https:\/\/alegeliber.md\/ru\/wp-json\/wp\/v2\/tags?post=833"}],"curies":[{"name":"wp","href":"https:\/\/api.w.org\/{rel}","templated":true}]}}